{"id":2814,"date":"2021-12-16T09:59:09","date_gmt":"2021-12-16T09:59:09","guid":{"rendered":"http:\/\/areabadalona.com\/diario\/?p=2814"},"modified":"2021-12-16T09:59:10","modified_gmt":"2021-12-16T09:59:10","slug":"el-servei-de-rehabilitacio-comunitaria-betula-de-bsa-celebra-lacte-salut-mental-i-art","status":"publish","type":"post","link":"https:\/\/areabadalona.com\/diario\/2021\/12\/16\/el-servei-de-rehabilitacio-comunitaria-betula-de-bsa-celebra-lacte-salut-mental-i-art\/","title":{"rendered":"El Servei de Rehabilitaci\u00f3 Comunit\u00e0ria B\u00e9tula de BSA celebra l\u2019acte \u201cSalut Mental i Art\u201d"},"content":{"rendered":"\n<p>Aquest divendres, 17 de desembre, a les 10 hores, se celebra l\u2019acte \u201cSalut Mental i Art\u201d a l\u2019Avinguda del Doctor Bassols, 112 de Badalona, organitzat pel Servei de Rehabilitaci\u00f3 Comunit\u00e0ria B\u00e9tula de Badalona Serveis Assistencials (BSA) i dirigit a tot el ve\u00efnat, entitats culturals i de salut mental de Badalona. &nbsp;<\/p>\n\n\n\n<p>&nbsp;A l\u2019esdeveniment es presentar\u00e0 el mural art\u00edstic realitzat de forma col\u00b7laborativa entre els usuaris del Servei de Rehabilitaci\u00f3 Comunit\u00e0ria B\u00e9tula de BSA i l\u2019artista Carlos Garcia, conegut al m\u00f3n de l\u2019art com <a href=\"http:\/\/www.spogo.es\/\">Spogo<\/a>. L\u2019obra \u00e9s fruit del taller de pintura mural, una de les activitats realitzades per commemorar el <a href=\"https:\/\/www.bsa.cat\/ca\/qui-som\/noticia\/bsa-commemora-el-dia-mundial-salut-mental-2021-amb-un-ventall-d-activitats\">Dia Mundial de la Salut Mental a BSA<\/a>.&nbsp;<\/p>\n\n\n\n<p>L\u2019acte vol posar en relleu la import\u00e0ncia de l\u2019acci\u00f3 comunit\u00e0ria i destacar el paper clau de l\u2019art i la cultura com agents rehabilitadors i de connexi\u00f3, trencant aix\u00ed estereotips i fent visibles les capacitats de les persones amb problemes de salut mental.&nbsp;&nbsp; &nbsp;&nbsp;<\/p>\n","protected":false},"excerpt":{"rendered":"<p>Aquest divendres, 17 de desembre, a les 10 hores, se celebra l\u2019acte \u201cSalut Mental i Art\u201d a l\u2019Avinguda del Doctor Bassols, 112 de Badalona, organitzat pel Servei de Rehabilitaci\u00f3 Comunit\u00e0ria B\u00e9tula de Badalona Serveis Assistencials (BSA) i dirigit a tot el ve\u00efnat, entitats culturals i de salut mental de Badalona. &nbsp; &nbsp;A l\u2019esdeveniment es presentar\u00e0 [&hellip;]<\/p>\n","protected":false},"author":2,"featured_media":2815,"comment_status":"open","ping_status":"open","sticky":false,"template":"","format":"standard","meta":{"footnotes":""},"categories":[23,24],"tags":[],"class_list":{"0":"post-2814","1":"post","2":"type-post","3":"status-publish","4":"format-standard","5":"has-post-thumbnail","7":"category-actualitat","8":"category-societat"},"_links":{"self":[{"href":"https:\/\/areabadalona.com\/diario\/wp-json\/wp\/v2\/posts\/2814","targetHints":{"allow":["GET"]}}],"collection":[{"href":"https:\/\/areabadalona.com\/diario\/wp-json\/wp\/v2\/posts"}],"about":[{"href":"https:\/\/areabadalona.com\/diario\/wp-json\/wp\/v2\/types\/post"}],"author":[{"embeddable":true,"href":"https:\/\/areabadalona.com\/diario\/wp-json\/wp\/v2\/users\/2"}],"replies":[{"embeddable":true,"href":"https:\/\/areabadalona.com\/diario\/wp-json\/wp\/v2\/comments?post=2814"}],"version-history":[{"count":1,"href":"https:\/\/areabadalona.com\/diario\/wp-json\/wp\/v2\/posts\/2814\/revisions"}],"predecessor-version":[{"id":2816,"href":"https:\/\/areabadalona.com\/diario\/wp-json\/wp\/v2\/posts\/2814\/revisions\/2816"}],"wp:featuredmedia":[{"embeddable":true,"href":"https:\/\/areabadalona.com\/diario\/wp-json\/wp\/v2\/media\/2815"}],"wp:attachment":[{"href":"https:\/\/areabadalona.com\/diario\/wp-json\/wp\/v2\/media?parent=2814"}],"wp:term":[{"taxonomy":"category","embeddable":true,"href":"https:\/\/areabadalona.com\/diario\/wp-json\/wp\/v2\/categories?post=2814"},{"taxonomy":"post_tag","embeddable":true,"href":"https:\/\/areabadalona.com\/diario\/wp-json\/wp\/v2\/tags?post=2814"}],"curies":[{"name":"wp","href":"https:\/\/api.w.org\/{rel}","templated":true}]}}