{"id":2811,"date":"2021-12-15T09:50:00","date_gmt":"2021-12-15T09:50:00","guid":{"rendered":"http:\/\/areabadalona.com\/diario\/?p=2811"},"modified":"2021-12-16T09:51:01","modified_gmt":"2021-12-16T09:51:01","slug":"comencen-a-plantar-se-les-noves-palmeres-al-passeig-de-la-rambla-i-al-carrer-de-santa-madrona-de-badalona","status":"publish","type":"post","link":"https:\/\/areabadalona.com\/diario\/2021\/12\/15\/comencen-a-plantar-se-les-noves-palmeres-al-passeig-de-la-rambla-i-al-carrer-de-santa-madrona-de-badalona\/","title":{"rendered":"Comencen a plantar-se les noves palmeres al passeig de la Rambla i al carrer de Santa Madrona de Badalona"},"content":{"rendered":"\n<p>Avui dimecres, 15 de desembre, es comencen a plantar al passeig de la Rambla i al carrer de Santa Madrona de Badalona quaranta-quatre palmeres dins la campanya de replantaci\u00f3 d\u2019arbrat viari que ha engegat aquest mes de desembre l\u2019Ajuntament de Badalona a diversos carrers i places de la ciutat. &nbsp;<\/p>\n\n\n\n<p>En concret es plantar\u00e0 la palmera <em>Washingtonia Robusta<\/em>, m\u00e9s resistent davant de l\u2019atac del cole\u00f2pter morrut roig.&nbsp;<\/p>\n\n\n\n<p>La substituci\u00f3 de l\u2019arbrat es fa tenint en compte l\u2019adaptaci\u00f3 dels propis arbres a la climatologia mediterr\u00e0nia i potenciant la biodiversitat en espais urbans. L&#8217;arbrat escollit s\u2019ha pensat tamb\u00e9 tenint en compte les amplades de carrers per tal d&#8217;evitar problemes d&#8217;interfer\u00e8ncies en fa\u00e7anes d\u2019habitatges i accessibilitat de les persones.&nbsp;<\/p>\n\n\n\n<p>Entre les esp\u00e8cies d\u2019arbres a plantar destaquem les magn\u00f2lies, i els <em>Hibiscus syriacus <\/em>que presenten una floraci\u00f3 a la primavera i estiu molt vistosa. Tamb\u00e9 es plantaran freixes, lagun\u00e0ries, callistemons, pruneres de fulla vermella, prunera dels cafres, grev\u00edl\u00b7lees, m\u00e8lies entre d&#8217;altres. En tots els arbres que es plantaran s&#8217;instal\u00b7laran dos tutors de fusta tornejats per tal de millorar la gesti\u00f3 del seu manteniment. Aquests tutors aniran identificats amb una franja de color blanc per tal de saber-ne l&#8217;any de plantaci\u00f3, planificar i establir els per\u00edodes de reg dels arbres.&nbsp;<\/p>\n\n\n\n<p>Aquesta campanya vol replantar una part dels arbres desapareguts per diverses causes com poden ser els accidents de tr\u00e0nsit, les afectacions per temporals, el risc de fractura, per actes vand\u00e0lics o per la no adaptaci\u00f3 a les condicions urbanes. &nbsp;<\/p>\n\n\n\n<p>Amb aquestes actuacions es contribueix a l&#8217;equilibri psicosocial de les persones, incrementar la qualitat de vida, ajudar a la disminuci\u00f3 de la contaminaci\u00f3 ac\u00fastica i atmosf\u00e8rica i la regular la temperatura durant l&#8217;estiu amb la generaci\u00f3 d\u2019espais d\u2019ombra.&nbsp;<\/p>\n\n\n\n<p>Recordem que el passat mes de novembre ja van comen\u00e7ar els treballs previs a la campanya amb l\u2019arrabassament de tres-centes trenta-set soques existents en escocells i amb la inspecci\u00f3 amb un georadar de l&#8217;exist\u00e8ncia de serveis soterrats que puguin dificultar la plantaci\u00f3. Aquesta reposici\u00f3 \u00e9s una de les actuacions incloses en el nou contracte de manteniment d&#8217;arbrat que possibilita la millora de l&#8217;espai p\u00fablic de la ciutat.&nbsp;<\/p>\n\n\n\n<p>La regidora de Medi Ambient, Sostenibilitat i Benestar Animal de l\u2019Ajuntament de Badalona, Rosa Trenado, ha manifestat que \u201cla ciutat necessita la reposici\u00f3 d&#8217;uns 3.000 arbres i que aquesta campanya \u00e9s un inici de la recuperaci\u00f3 d&#8217;aquest patrimoni vegetal desaparegut\u201d. Segons la regidora \u201cdespr\u00e9s de m\u00e9s de 10 anys comen\u00e7ar\u00e0 a replantar-se facilitant aix\u00f2 que en el termini d&#8217;uns 4 anys la ciutat tingui coberta quasi totes les baixes d&#8217;arbrat existents i amb aix\u00f2 poder gaudir dels m\u00faltiples beneficis ambientals i socials que ofereixen\u201d.&nbsp;<\/p>\n","protected":false},"excerpt":{"rendered":"<p>Avui dimecres, 15 de desembre, es comencen a plantar al passeig de la Rambla i al carrer de Santa Madrona de Badalona quaranta-quatre palmeres dins la campanya de replantaci\u00f3 d\u2019arbrat viari que ha engegat aquest mes de desembre l\u2019Ajuntament de Badalona a diversos carrers i places de la ciutat. &nbsp; En concret es plantar\u00e0 la [&hellip;]<\/p>\n","protected":false},"author":2,"featured_media":2812,"comment_status":"open","ping_status":"open","sticky":false,"template":"","format":"standard","meta":{"footnotes":""},"categories":[23],"tags":[],"class_list":{"0":"post-2811","1":"post","2":"type-post","3":"status-publish","4":"format-standard","5":"has-post-thumbnail","7":"category-actualitat"},"_links":{"self":[{"href":"https:\/\/areabadalona.com\/diario\/wp-json\/wp\/v2\/posts\/2811","targetHints":{"allow":["GET"]}}],"collection":[{"href":"https:\/\/areabadalona.com\/diario\/wp-json\/wp\/v2\/posts"}],"about":[{"href":"https:\/\/areabadalona.com\/diario\/wp-json\/wp\/v2\/types\/post"}],"author":[{"embeddable":true,"href":"https:\/\/areabadalona.com\/diario\/wp-json\/wp\/v2\/users\/2"}],"replies":[{"embeddable":true,"href":"https:\/\/areabadalona.com\/diario\/wp-json\/wp\/v2\/comments?post=2811"}],"version-history":[{"count":1,"href":"https:\/\/areabadalona.com\/diario\/wp-json\/wp\/v2\/posts\/2811\/revisions"}],"predecessor-version":[{"id":2813,"href":"https:\/\/areabadalona.com\/diario\/wp-json\/wp\/v2\/posts\/2811\/revisions\/2813"}],"wp:featuredmedia":[{"embeddable":true,"href":"https:\/\/areabadalona.com\/diario\/wp-json\/wp\/v2\/media\/2812"}],"wp:attachment":[{"href":"https:\/\/areabadalona.com\/diario\/wp-json\/wp\/v2\/media?parent=2811"}],"wp:term":[{"taxonomy":"category","embeddable":true,"href":"https:\/\/areabadalona.com\/diario\/wp-json\/wp\/v2\/categories?post=2811"},{"taxonomy":"post_tag","embeddable":true,"href":"https:\/\/areabadalona.com\/diario\/wp-json\/wp\/v2\/tags?post=2811"}],"curies":[{"name":"wp","href":"https:\/\/api.w.org\/{rel}","templated":true}]}}