{"id":2805,"date":"2021-12-14T12:22:13","date_gmt":"2021-12-14T12:22:13","guid":{"rendered":"http:\/\/areabadalona.com\/diario\/?p=2805"},"modified":"2021-12-14T12:22:13","modified_gmt":"2021-12-14T12:22:13","slug":"setmana-de-portes-obertes-del-veler-astral-de-long-open-arms-al-port-de-badalona","status":"publish","type":"post","link":"https:\/\/areabadalona.com\/diario\/2021\/12\/14\/setmana-de-portes-obertes-del-veler-astral-de-long-open-arms-al-port-de-badalona\/","title":{"rendered":"Setmana de portes obertes del veler Astral de l\u2019ONG Open Arms al Port de Badalona"},"content":{"rendered":"\n<p>Al Port de Badalona tanquem l\u2019any amb una setmana de portes obertes al veler Astral de l\u2019ONG Open Arms, amb seu operativa al Port de Badalona, en tant que port base des dels inicis de l\u2019entitat al setembre de 2015. Concretament, es repeteix el format d\u2019oferir visites a escoles els dies lectius, de dilluns a divendres, en franges hor\u00e0ries per grups bombolla de 10 a 14 i de de 16 a 18h. Les franges de tarda s\u2019ofereixen de manera lliure i tamb\u00e9, si s\u2019escau, organitzada per a casals i centres oberts. Durant el cap de setmana, el dissabte 18 i el diumenge 19 de desembre es mant\u00e9 l\u2019horari dels dies feiners i les visites es faran per grups de 15 persones, i amb el compliment de mascareta i hidrogel, els voluntaris de l\u2019oeneg\u00e9 explicaran hist\u00f2ria, missi\u00f3, projectes i context actual de la situaci\u00f3, tant a Lesbos, primera missi\u00f3, com al Mediterrani Central i ara a l\u2019origen, a pa\u00efsos com Senegal.&nbsp;<\/p>\n\n\n\n<p>Les reserves de grups es formalitzen en el correu electr\u00f2nic <a href=\"mailto:education@openarms.es\">education@openarms.es<\/a>. L\u2019entitat situa a la porta del veler una &nbsp;carpa amb una petita mostra dels objectes de marxandatge&nbsp; que oferta per ajudar al sosteniment econ\u00f2mic de la Fundaci\u00f3, i que planteja com un bon regal per aquestes festes. Aquestes accions formen part del conveni de col\u00b7laboraci\u00f3 entre la Fundaci\u00f3 Proa i l\u2019Ajuntament de Badalona a trav\u00e9s de Marina de Badalona SA en el que es fixen un seguit de contraprestacions de retorn social als beneficis rebuts en favor de l\u2019ONG. &nbsp;<\/p>\n","protected":false},"excerpt":{"rendered":"<p>Al Port de Badalona tanquem l\u2019any amb una setmana de portes obertes al veler Astral de l\u2019ONG Open Arms, amb seu operativa al Port de Badalona, en tant que port base des dels inicis de l\u2019entitat al setembre de 2015. Concretament, es repeteix el format d\u2019oferir visites a escoles els dies lectius, de dilluns a [&hellip;]<\/p>\n","protected":false},"author":2,"featured_media":2806,"comment_status":"open","ping_status":"open","sticky":false,"template":"","format":"standard","meta":{"footnotes":""},"categories":[23,24],"tags":[],"class_list":{"0":"post-2805","1":"post","2":"type-post","3":"status-publish","4":"format-standard","5":"has-post-thumbnail","7":"category-actualitat","8":"category-societat"},"_links":{"self":[{"href":"https:\/\/areabadalona.com\/diario\/wp-json\/wp\/v2\/posts\/2805","targetHints":{"allow":["GET"]}}],"collection":[{"href":"https:\/\/areabadalona.com\/diario\/wp-json\/wp\/v2\/posts"}],"about":[{"href":"https:\/\/areabadalona.com\/diario\/wp-json\/wp\/v2\/types\/post"}],"author":[{"embeddable":true,"href":"https:\/\/areabadalona.com\/diario\/wp-json\/wp\/v2\/users\/2"}],"replies":[{"embeddable":true,"href":"https:\/\/areabadalona.com\/diario\/wp-json\/wp\/v2\/comments?post=2805"}],"version-history":[{"count":1,"href":"https:\/\/areabadalona.com\/diario\/wp-json\/wp\/v2\/posts\/2805\/revisions"}],"predecessor-version":[{"id":2807,"href":"https:\/\/areabadalona.com\/diario\/wp-json\/wp\/v2\/posts\/2805\/revisions\/2807"}],"wp:featuredmedia":[{"embeddable":true,"href":"https:\/\/areabadalona.com\/diario\/wp-json\/wp\/v2\/media\/2806"}],"wp:attachment":[{"href":"https:\/\/areabadalona.com\/diario\/wp-json\/wp\/v2\/media?parent=2805"}],"wp:term":[{"taxonomy":"category","embeddable":true,"href":"https:\/\/areabadalona.com\/diario\/wp-json\/wp\/v2\/categories?post=2805"},{"taxonomy":"post_tag","embeddable":true,"href":"https:\/\/areabadalona.com\/diario\/wp-json\/wp\/v2\/tags?post=2805"}],"curies":[{"name":"wp","href":"https:\/\/api.w.org\/{rel}","templated":true}]}}