{"id":2801,"date":"2021-12-14T12:00:31","date_gmt":"2021-12-14T12:00:31","guid":{"rendered":"http:\/\/areabadalona.com\/diario\/?p=2801"},"modified":"2021-12-14T12:00:32","modified_gmt":"2021-12-14T12:00:32","slug":"loficina-de-turisme-posa-a-la-venda-aquest-nadal-el-puzle-de-badalona","status":"publish","type":"post","link":"https:\/\/areabadalona.com\/diario\/2021\/12\/14\/loficina-de-turisme-posa-a-la-venda-aquest-nadal-el-puzle-de-badalona\/","title":{"rendered":"L\u2019Oficina de Turisme posa a la venda aquest Nadal el Puzle de Badalona"},"content":{"rendered":"\n<p>L&#8217;Oficina de Turisme de l&#8217; Ajuntament de Badalona, coincidint amb les festes de Nadal, posar\u00e0 a la venta a partir del pr\u00f2xim dilluns, 20 de desembre, el \u201cPuzle de Badalona\u201d. Es tracta d\u2019un trencaclosques did\u00e0ctic i educatiu, de 100 peces, dirigit a infants d&#8217;entre 6 i 12 anys.&nbsp;<\/p>\n\n\n\n<p>El puzle es podr\u00e0 adquirir a l\u2019Oficina de Turisme, situada a l&#8217;edifici Centre Cultural El Carme, al carrer de Francesc Layret n\u00famero 78-82, a un preu de 8 euros. La base del joc \u00e9s una il\u00b7lustraci\u00f3 del dissenyador gr\u00e0fic badalon\u00ed Albert Navarro on, a m\u00e9s de la distribuci\u00f3 geogr\u00e0fica de tots els barris de la ciutat, apareixen un seguit de divertides il\u00b7lustracions de bona part d&#8217;aquells elements, s\u00edmbols i recursos m\u00e9s rellevants que defineixen Badalona.\u00a0<\/p>\n\n\n\n<div><a href=\"https:\/\/areabadalona.com\/diario\/wp-content\/uploads\/2021\/12\/Puzzle-Badalona-1024x768.jpg\" class=\"td-modal-image\"><figure class=\"wp-block-image size-large\"><img loading=\"lazy\" decoding=\"async\" width=\"1024\" height=\"768\" src=\"https:\/\/areabadalona.com\/diario\/wp-content\/uploads\/2021\/12\/Puzzle-Badalona-1024x768.jpg\" alt=\"\" class=\"wp-image-2803\" srcset=\"https:\/\/areabadalona.com\/diario\/wp-content\/uploads\/2021\/12\/Puzzle-Badalona-1024x768.jpg 1024w, https:\/\/areabadalona.com\/diario\/wp-content\/uploads\/2021\/12\/Puzzle-Badalona-300x225.jpg 300w, https:\/\/areabadalona.com\/diario\/wp-content\/uploads\/2021\/12\/Puzzle-Badalona-768x576.jpg 768w, https:\/\/areabadalona.com\/diario\/wp-content\/uploads\/2021\/12\/Puzzle-Badalona-150x113.jpg 150w, https:\/\/areabadalona.com\/diario\/wp-content\/uploads\/2021\/12\/Puzzle-Badalona-696x522.jpg 696w, https:\/\/areabadalona.com\/diario\/wp-content\/uploads\/2021\/12\/Puzzle-Badalona-1068x801.jpg 1068w, https:\/\/areabadalona.com\/diario\/wp-content\/uploads\/2021\/12\/Puzzle-Badalona.jpg 1200w\" sizes=\"auto, (max-width: 1024px) 100vw, 1024px\" \/><\/figure><\/a><\/div>\n\n\n\n<p>L\u2019acte de presentaci\u00f3 del \u201cPuzle de Badalona\u201d ha tingut lloc aquest migdia a l\u2019Oficina de Turisme de Badalona amb la pres\u00e8ncia del primer tinent d\u2019Alcalde i regidor de l\u2019\u00c0mbit d\u2019Impuls de Ciutat i Reconstrucci\u00f3 Covid, \u00c0lex Montorn\u00e8s. &nbsp;<\/p>\n\n\n\n<p>El primer tinent d\u2019Alcalde ha destacat que: \u201camb aquesta iniciativa es vol contribuir, des de l&#8217;Oficina de Turisme, a l&#8217;aprenentatge i el coneixement dels m\u00e9s petits respecte la ubicaci\u00f3, el nom i la pres\u00e8ncia dels barris de Badalona, a la vegada que es destaquen alguns dels recursos i s\u00edmbols de ciutat que m\u00e9s i millor ens defineixen\u201d.&nbsp;<\/p>\n\n\n\n<p><strong>Nou element de difusi\u00f3 de Badalona&nbsp;<\/strong><\/p>\n\n\n\n<p>Aquest puzle passar\u00e0 a incorporar-se a la resta del material de marxandatge de l&#8217;Oficina de Turisme (postals, bol\u00edgrafs, tasses, imants, l\u00e0mines de color, etc.) on a m\u00e9s, enguany, s&#8217;hi afegeixen uns nous elements, com una nova llibreta d&#8217;anotacions amb la marca i els grafismes badalonins.&nbsp;<\/p>\n\n\n\n<p>Aquests materials es poden adquirir a l\u2019Oficina de Turisme durant els horaris seg\u00fcents:&nbsp;<\/p>\n\n\n\n<p>Matins de dilluns a diumenges de 10 a 14 hores.&nbsp;<\/p>\n\n\n\n<p>Tardes de dimarts a divendres de 16 a 18.30 hores.&nbsp;<\/p>\n\n\n\n<p>Els dies 25 i 26 de desembre i 1 i 6 de gener de 2022 l\u2019oficina estar\u00e0 tancada.&nbsp;<\/p>\n","protected":false},"excerpt":{"rendered":"<p>L&#8217;Oficina de Turisme de l&#8217; Ajuntament de Badalona, coincidint amb les festes de Nadal, posar\u00e0 a la venta a partir del pr\u00f2xim dilluns, 20 de desembre, el \u201cPuzle de Badalona\u201d. Es tracta d\u2019un trencaclosques did\u00e0ctic i educatiu, de 100 peces, dirigit a infants d&#8217;entre 6 i 12 anys.&nbsp; El puzle es podr\u00e0 adquirir a l\u2019Oficina [&hellip;]<\/p>\n","protected":false},"author":2,"featured_media":2802,"comment_status":"open","ping_status":"open","sticky":false,"template":"","format":"standard","meta":{"footnotes":""},"categories":[23],"tags":[],"class_list":{"0":"post-2801","1":"post","2":"type-post","3":"status-publish","4":"format-standard","5":"has-post-thumbnail","7":"category-actualitat"},"_links":{"self":[{"href":"https:\/\/areabadalona.com\/diario\/wp-json\/wp\/v2\/posts\/2801","targetHints":{"allow":["GET"]}}],"collection":[{"href":"https:\/\/areabadalona.com\/diario\/wp-json\/wp\/v2\/posts"}],"about":[{"href":"https:\/\/areabadalona.com\/diario\/wp-json\/wp\/v2\/types\/post"}],"author":[{"embeddable":true,"href":"https:\/\/areabadalona.com\/diario\/wp-json\/wp\/v2\/users\/2"}],"replies":[{"embeddable":true,"href":"https:\/\/areabadalona.com\/diario\/wp-json\/wp\/v2\/comments?post=2801"}],"version-history":[{"count":1,"href":"https:\/\/areabadalona.com\/diario\/wp-json\/wp\/v2\/posts\/2801\/revisions"}],"predecessor-version":[{"id":2804,"href":"https:\/\/areabadalona.com\/diario\/wp-json\/wp\/v2\/posts\/2801\/revisions\/2804"}],"wp:featuredmedia":[{"embeddable":true,"href":"https:\/\/areabadalona.com\/diario\/wp-json\/wp\/v2\/media\/2802"}],"wp:attachment":[{"href":"https:\/\/areabadalona.com\/diario\/wp-json\/wp\/v2\/media?parent=2801"}],"wp:term":[{"taxonomy":"category","embeddable":true,"href":"https:\/\/areabadalona.com\/diario\/wp-json\/wp\/v2\/categories?post=2801"},{"taxonomy":"post_tag","embeddable":true,"href":"https:\/\/areabadalona.com\/diario\/wp-json\/wp\/v2\/tags?post=2801"}],"curies":[{"name":"wp","href":"https:\/\/api.w.org\/{rel}","templated":true}]}}