{"id":2798,"date":"2021-12-14T10:46:27","date_gmt":"2021-12-14T10:46:27","guid":{"rendered":"http:\/\/areabadalona.com\/diario\/?p=2798"},"modified":"2021-12-14T10:46:28","modified_gmt":"2021-12-14T10:46:28","slug":"lartista-panamenya-olga-sinclair-porta-al-centre-cultural-el-carme-lexposicio-color-i-esperanca","status":"publish","type":"post","link":"https:\/\/areabadalona.com\/diario\/2021\/12\/14\/lartista-panamenya-olga-sinclair-porta-al-centre-cultural-el-carme-lexposicio-color-i-esperanca\/","title":{"rendered":"L\u2019artista panamenya Olga Sinclair porta al Centre Cultural el Carme l\u2019exposici\u00f3 \u201cColor i Esperan\u00e7a\u201d"},"content":{"rendered":"\n<p>El pr\u00f2xim dijous 16 de desembre, a les 19 hores, s&#8217;inaugurar\u00e0 l\u2019exposici\u00f3 \u201cColor i Esperan\u00e7a\u201d de l\u2019artista panamenya Olga Sinclair, a la sala Josep Ucl\u00e9s del Centre Cultural El Carme de Badalona, al carrer de Francesc Layret, 78-82. La mostra es podr\u00e0 visitar fins al 20 de febrer de 2022.&nbsp;<\/p>\n\n\n\n<p>Impulsada per l\u2019Ajuntament de Badalona, l\u2019exposici\u00f3 forma part de la programaci\u00f3 regular al Centre Cultural El Carme que l\u2019Ajuntament i la Universitat de Barcelona organitzen conjuntament. &nbsp;<\/p>\n\n\n\n<p>\u201cColor i Esperan\u00e7a\u201d reflexa els estats d\u2019\u00e0nims de l\u2019artista que els expressa amb una utilitzaci\u00f3 amplia i variada de la paleta de colors. En paraules d\u2019Olga Sinclair: \u201cjo soc una artista del Tr\u00f2pic, filla d\u2019un gran mestre pintor, i vaig cr\u00e9ixer observant els colors dels objectes o les escenes que m\u2019envoltaven. Aviat em vaig poder identificar amb la calidesa vibrant dels vermells, taronges i grocs. Al llarg dels meus estudis en acad\u00e8mies espanyoles i europees, aquell to ardent va anant baixant d\u2019intensitat, i vaig aprendre dels mestres, exposats en museus, que hi ha una variant extensa en el domini del color. Aix\u00ed vaig donar pas a un punt mitj\u00e0, entre el tr\u00f2pic i l\u2019Europa temperada, sense abandonar la for\u00e7a de la pinzellada, que \u00e9s un dels elements que defineixen la meva obra. Aix\u00f2 m\u2019ha condu\u00eft a un nou renaixement. El resultat \u00e9s aquesta mostra, Color i Esperan\u00e7a.&nbsp;<\/p>\n\n\n\n<p>Olga Sinclair (<a href=\"https:\/\/olgasinclair.org\/\">https:\/\/olgasinclair.org\/<\/a>) \u00e9s una artista nascuda a Panam\u00e0 (1957), on va comen\u00e7ar la seva carrera sota la tutela del seu pare, el mestre Alfredo Sinclair Ballestero. \u00c9s una de les grans exponents de l\u2019art contemporani, pionera de la pintura expressionista a Panam\u00e0, gran impulsora de l\u2019art des de la inf\u00e0ncia que realitza des de la seva Fundaci\u00f3. Ha viscut a tres continents, ha rebut diversos premis nacionals i internacionals, homenatges i reconeixements per la seva tasca art\u00edstica i social, \u00e9s membre de diverses fundacions nacionals i consells per a la societat panamenya i el medi ambient. Des de 2014 \u00e9s ambaixadora cultural del Govern de la Rep\u00fablica de Panam\u00e0.&nbsp;<\/p>\n\n\n\n<p>A l\u2019acte d\u2019inauguraci\u00f3 intervindran la regidora de Cultura de l\u2019Ajuntament de Badalona, Anna Maria Lara; el president del Reial Cercle Art\u00edstic de Barcelona, Jos\u00e9 Felix Benz; el vicerector de Patrimoni i Activitats Culturals de la Universitat de Barcelona, Agust\u00ed Alcoberro; Llu\u00efsa Moret, presidenta de l&#8217;\u00c0rea d&#8217;Igualtat i Sostenibilitat Social de la Diputaci\u00f3 de Barcelona; el director executiu de Gram Wilhelm, Guillermo Mu\u00f1oz, i la mateixa artista Olga Sinclair.&nbsp;<\/p>\n","protected":false},"excerpt":{"rendered":"<p>El pr\u00f2xim dijous 16 de desembre, a les 19 hores, s&#8217;inaugurar\u00e0 l\u2019exposici\u00f3 \u201cColor i Esperan\u00e7a\u201d de l\u2019artista panamenya Olga Sinclair, a la sala Josep Ucl\u00e9s del Centre Cultural El Carme de Badalona, al carrer de Francesc Layret, 78-82. La mostra es podr\u00e0 visitar fins al 20 de febrer de 2022.&nbsp; Impulsada per l\u2019Ajuntament de Badalona, [&hellip;]<\/p>\n","protected":false},"author":2,"featured_media":2799,"comment_status":"open","ping_status":"open","sticky":false,"template":"","format":"standard","meta":{"footnotes":""},"categories":[25],"tags":[],"class_list":{"0":"post-2798","1":"post","2":"type-post","3":"status-publish","4":"format-standard","5":"has-post-thumbnail","7":"category-cultura"},"_links":{"self":[{"href":"https:\/\/areabadalona.com\/diario\/wp-json\/wp\/v2\/posts\/2798","targetHints":{"allow":["GET"]}}],"collection":[{"href":"https:\/\/areabadalona.com\/diario\/wp-json\/wp\/v2\/posts"}],"about":[{"href":"https:\/\/areabadalona.com\/diario\/wp-json\/wp\/v2\/types\/post"}],"author":[{"embeddable":true,"href":"https:\/\/areabadalona.com\/diario\/wp-json\/wp\/v2\/users\/2"}],"replies":[{"embeddable":true,"href":"https:\/\/areabadalona.com\/diario\/wp-json\/wp\/v2\/comments?post=2798"}],"version-history":[{"count":1,"href":"https:\/\/areabadalona.com\/diario\/wp-json\/wp\/v2\/posts\/2798\/revisions"}],"predecessor-version":[{"id":2800,"href":"https:\/\/areabadalona.com\/diario\/wp-json\/wp\/v2\/posts\/2798\/revisions\/2800"}],"wp:featuredmedia":[{"embeddable":true,"href":"https:\/\/areabadalona.com\/diario\/wp-json\/wp\/v2\/media\/2799"}],"wp:attachment":[{"href":"https:\/\/areabadalona.com\/diario\/wp-json\/wp\/v2\/media?parent=2798"}],"wp:term":[{"taxonomy":"category","embeddable":true,"href":"https:\/\/areabadalona.com\/diario\/wp-json\/wp\/v2\/categories?post=2798"},{"taxonomy":"post_tag","embeddable":true,"href":"https:\/\/areabadalona.com\/diario\/wp-json\/wp\/v2\/tags?post=2798"}],"curies":[{"name":"wp","href":"https:\/\/api.w.org\/{rel}","templated":true}]}}