{"id":2604,"date":"2021-11-05T12:52:46","date_gmt":"2021-11-05T12:52:46","guid":{"rendered":"http:\/\/areabadalona.com\/diario\/?p=2604"},"modified":"2021-11-05T12:52:47","modified_gmt":"2021-11-05T12:52:47","slug":"lajuntament-de-badalona-participa-en-el-projecte-vesta-una-iniciativa-per-acompanyar-a-les-dones-amb-fills-a-carrec-i-sense-llar-al-territori-del-besos","status":"publish","type":"post","link":"https:\/\/areabadalona.com\/diario\/2021\/11\/05\/lajuntament-de-badalona-participa-en-el-projecte-vesta-una-iniciativa-per-acompanyar-a-les-dones-amb-fills-a-carrec-i-sense-llar-al-territori-del-besos\/","title":{"rendered":"L\u2019Ajuntament de Badalona participa en el projecte VESTA, una iniciativa per acompanyar a les dones amb fills a c\u00e0rrec i sense llar al territori del Bes\u00f2s"},"content":{"rendered":"\n<p>Badalona \u00e9s un dels municipis que participa en el projecte VESTA, una iniciativa per acompanyar a dones amb fills a c\u00e0rrec i sense llar al territori del Bes\u00f2s. Es tracta d\u2019una prova pilot que neix amb la capacitat d\u2019atendre a un total de 30 persones per un per\u00edode de tres anys. En el cas de Badalona es dona atenci\u00f3 a 12 persones que formen part de quatre fam\u00edlies diferents. D\u2019aquestes, 3 accediran a un pis aquest mes de novembres, i 1 al mes de desembre.&nbsp;<\/p>\n\n\n\n<p>El projecte VESTA, reposa en dos pilars: d\u2019una banda el tractament de l\u2019habitatge com un dret oferint soluci\u00f3 residencial a les persones participants, i de l\u2019altra l\u2019acompanyament integral, incloent-hi l\u2019\u00e0mbit laboral amb disseny i desenvolupament d&#8217;itineraris laborals molt personalitzats, posant en el centre les necessitats i els moments de les persones ateses, acompanyant-les vers la recuperaci\u00f3 del seu projecte vital. &nbsp;<\/p>\n\n\n\n<p>El sensellarisme femen\u00ed es caracteritza per desenvolupar una estrat\u00e8gia residencial que porta les dones a molts llocs diferents abans del carrer: acolliment amb familiars i amics, allotjaments temporals (pensions, cases d\u2019acollida, dispositius d\u2019emerg\u00e8ncia), ocupacions d\u2019habitatges buits, habitacions subarrendades, etc. Totes aquestes formes d\u2019habitatge s\u00f3n insegures tant des d\u2019una perspectiva temporal, com jur\u00eddica i emocional, fet que fa inviable el dibuix d\u2019un projecte vital per les persones que la pateixen. S\u00f3n dones que, si tenen fills i filles menors, solen moure\u2019s amb ells a c\u00e0rrec, transferint-los totes les dificultats del dia a dia.&nbsp;<\/p>\n\n\n\n<p>Aquesta iniciativa est\u00e0 impulsada conjuntament pels Ajuntaments de Badalona, Montcada i Reixac, Sant Adri\u00e0 del Bes\u00f2s i Santa Coloma de Gramenet; les entitats del Tercer Sector C\u00e0ritas Diocesana de Barcelona, Fundaci\u00f3 Formaci\u00f3 i Treball, Fundaci\u00f3 Mambr\u00e9, Sant Joan de D\u00e9u-Serveis Socials, i el Consorci del Bes\u00f2s; i compta amb el suport de l\u2019\u00c0rea Metropolitana de Barcelona i l\u2019Ajuntament de Barcelona. &nbsp;<\/p>\n","protected":false},"excerpt":{"rendered":"<p>Badalona \u00e9s un dels municipis que participa en el projecte VESTA, una iniciativa per acompanyar a dones amb fills a c\u00e0rrec i sense llar al territori del Bes\u00f2s. Es tracta d\u2019una prova pilot que neix amb la capacitat d\u2019atendre a un total de 30 persones per un per\u00edode de tres anys. En el cas de [&hellip;]<\/p>\n","protected":false},"author":2,"featured_media":2605,"comment_status":"open","ping_status":"open","sticky":false,"template":"","format":"standard","meta":{"footnotes":""},"categories":[23,24],"tags":[],"class_list":{"0":"post-2604","1":"post","2":"type-post","3":"status-publish","4":"format-standard","5":"has-post-thumbnail","7":"category-actualitat","8":"category-societat"},"_links":{"self":[{"href":"https:\/\/areabadalona.com\/diario\/wp-json\/wp\/v2\/posts\/2604","targetHints":{"allow":["GET"]}}],"collection":[{"href":"https:\/\/areabadalona.com\/diario\/wp-json\/wp\/v2\/posts"}],"about":[{"href":"https:\/\/areabadalona.com\/diario\/wp-json\/wp\/v2\/types\/post"}],"author":[{"embeddable":true,"href":"https:\/\/areabadalona.com\/diario\/wp-json\/wp\/v2\/users\/2"}],"replies":[{"embeddable":true,"href":"https:\/\/areabadalona.com\/diario\/wp-json\/wp\/v2\/comments?post=2604"}],"version-history":[{"count":1,"href":"https:\/\/areabadalona.com\/diario\/wp-json\/wp\/v2\/posts\/2604\/revisions"}],"predecessor-version":[{"id":2606,"href":"https:\/\/areabadalona.com\/diario\/wp-json\/wp\/v2\/posts\/2604\/revisions\/2606"}],"wp:featuredmedia":[{"embeddable":true,"href":"https:\/\/areabadalona.com\/diario\/wp-json\/wp\/v2\/media\/2605"}],"wp:attachment":[{"href":"https:\/\/areabadalona.com\/diario\/wp-json\/wp\/v2\/media?parent=2604"}],"wp:term":[{"taxonomy":"category","embeddable":true,"href":"https:\/\/areabadalona.com\/diario\/wp-json\/wp\/v2\/categories?post=2604"},{"taxonomy":"post_tag","embeddable":true,"href":"https:\/\/areabadalona.com\/diario\/wp-json\/wp\/v2\/tags?post=2604"}],"curies":[{"name":"wp","href":"https:\/\/api.w.org\/{rel}","templated":true}]}}