{"id":2598,"date":"2021-11-05T10:00:59","date_gmt":"2021-11-05T10:00:59","guid":{"rendered":"http:\/\/areabadalona.com\/diario\/?p=2598"},"modified":"2021-11-05T10:01:00","modified_gmt":"2021-11-05T10:01:00","slug":"aquest-mes-de-novembre-es-posa-en-marxa-el-quart-cicle-de-cinema-i-drets-humans-per-a-centres-de-secundaria-de-badalona","status":"publish","type":"post","link":"https:\/\/areabadalona.com\/diario\/2021\/11\/05\/aquest-mes-de-novembre-es-posa-en-marxa-el-quart-cicle-de-cinema-i-drets-humans-per-a-centres-de-secundaria-de-badalona\/","title":{"rendered":"Aquest mes de novembre es posa en marxa el quart cicle de Cinema i Drets Humans per a centres de secund\u00e0ria de Badalona"},"content":{"rendered":"\n<p>Els dies <strong>9, 17, 25 i 30 de novembre el Teatre Margarida Xirgu<\/strong> de Badalona acollir\u00e0 la 4a edici\u00f3 del Cicle de Cinema i Drets que aquest curs s&#8217;amplia amb una projecci\u00f3 m\u00e9s. &nbsp;<\/p>\n\n\n\n<p>Les quatre pel\u00b7l\u00edcules seleccionades tracten tem\u00e0tiques vinculades als drets humans des de la perspectiva de la lluita feminista, de l&#8217;educaci\u00f3 i la mem\u00f2ria hist\u00f2rica, de les persones en cerca de refugi, i de la diversitat funcional de les persones, a trav\u00e9s d&#8217;aquestes projeccions, que inclouen a cada sessi\u00f3 una presentaci\u00f3 i un col\u00b7loqui posterior:&nbsp;<\/p>\n\n\n\n<ul class=\"wp-block-list\"><li><strong>Dimarts 9 de novembre<\/strong>, de 10 a 12 hores (3r i 4t d&#8217;ESO) 90&#8242;.&nbsp;<br><br>El orden divino&nbsp; &nbsp;<br><br>&nbsp;<\/li><li><strong>Dimecres 17 de novembre<\/strong>, 10 a 12 hores (1r a 4t d&#8217;ESO) 100&#8242;.&nbsp;<br><br>La profesora de historia&nbsp; &nbsp;<br><br>&nbsp;<\/li><li><strong>Dijous 25 de novembre<\/strong>, 10 a 12 hores (1r a 4t d&#8217;ESO) 60&#8242;.&nbsp;<br><br>Refugi en curt (6 curts)&nbsp;<br><br>En Samer \u00e9s un barber siri\u00e0 que viu en un camp de persones refugiades de Jord\u00e0nia. S&#8217;esfor\u00e7a di\u00e0riament per establir-hi una llar, mentre anhela tornar a la casa de Daraa que va deixar enrere. Joves tamb\u00e9 procedents de S\u00edria i en situaci\u00f3 de refugi al L\u00edban mostren com tiren endavant i es van adaptant a la nova vida. Ho fan des d&#8217;una mirada pr\u00f2pia molt punyent. L&#8217;Al\u00ed \u00e9s un nen recl\u00f2s amb la seva fam\u00edlia en un centre de detenci\u00f3 de persones refugiades proper a Austr\u00e0lia. Mitjan\u00e7ant una pilota, s&#8217;enginya un pla perqu\u00e8 la seva mare pugui continuar fent mitja.&nbsp;<br><br>&nbsp;<\/li><li><strong>Dimarts 30 de novembre<\/strong>, 10 a 12.30 hores (1r i 2n d&#8217;ESO) 124&#8242;. Inclou presentaci\u00f3 i col\u00b7loqui. &nbsp;<br><br>Campeones&nbsp;<\/li><li><\/li><\/ul>\n\n\n\n<p>En aquest quart cicle de Cinema i Drets Humans hi participen nou-cents alumnes d\u2019aquests instituts i centres de secund\u00e0ria: Aula de Suport &#8211; UEC, Badalon\u00e8s, Baldomer Sol\u00e0, Bet\u00falia, Enric Borr\u00e0s, Isaac Alb\u00e9niz, Llibertat, Rafael Alberti, Tur\u00f3 d&#8217;en Caritg i Ventura Gassol.&nbsp;<\/p>\n\n\n\n<p>El Cicle de Cinema i Drets Humans est\u00e0 organitzat pel Servei d&#8217;Educaci\u00f3 de l&#8217;Ajuntament de Badalona amb la col\u00b7laboraci\u00f3 de Badalona Cultura i, amb el suport per a algunes projeccions, del Servei de Feminismes de l&#8217;Ajuntament de Badalona, de Mitjans &#8211; Sodepau &#8211; Edualter, de la Diputaci\u00f3 de Barcelona i d&#8217;ASPANIN.&nbsp;<\/p>\n","protected":false},"excerpt":{"rendered":"<p>Els dies 9, 17, 25 i 30 de novembre el Teatre Margarida Xirgu de Badalona acollir\u00e0 la 4a edici\u00f3 del Cicle de Cinema i Drets que aquest curs s&#8217;amplia amb una projecci\u00f3 m\u00e9s. &nbsp; Les quatre pel\u00b7l\u00edcules seleccionades tracten tem\u00e0tiques vinculades als drets humans des de la perspectiva de la lluita feminista, de l&#8217;educaci\u00f3 i [&hellip;]<\/p>\n","protected":false},"author":2,"featured_media":2599,"comment_status":"open","ping_status":"open","sticky":false,"template":"","format":"standard","meta":{"footnotes":""},"categories":[25],"tags":[],"class_list":{"0":"post-2598","1":"post","2":"type-post","3":"status-publish","4":"format-standard","5":"has-post-thumbnail","7":"category-cultura"},"_links":{"self":[{"href":"https:\/\/areabadalona.com\/diario\/wp-json\/wp\/v2\/posts\/2598","targetHints":{"allow":["GET"]}}],"collection":[{"href":"https:\/\/areabadalona.com\/diario\/wp-json\/wp\/v2\/posts"}],"about":[{"href":"https:\/\/areabadalona.com\/diario\/wp-json\/wp\/v2\/types\/post"}],"author":[{"embeddable":true,"href":"https:\/\/areabadalona.com\/diario\/wp-json\/wp\/v2\/users\/2"}],"replies":[{"embeddable":true,"href":"https:\/\/areabadalona.com\/diario\/wp-json\/wp\/v2\/comments?post=2598"}],"version-history":[{"count":1,"href":"https:\/\/areabadalona.com\/diario\/wp-json\/wp\/v2\/posts\/2598\/revisions"}],"predecessor-version":[{"id":2600,"href":"https:\/\/areabadalona.com\/diario\/wp-json\/wp\/v2\/posts\/2598\/revisions\/2600"}],"wp:featuredmedia":[{"embeddable":true,"href":"https:\/\/areabadalona.com\/diario\/wp-json\/wp\/v2\/media\/2599"}],"wp:attachment":[{"href":"https:\/\/areabadalona.com\/diario\/wp-json\/wp\/v2\/media?parent=2598"}],"wp:term":[{"taxonomy":"category","embeddable":true,"href":"https:\/\/areabadalona.com\/diario\/wp-json\/wp\/v2\/categories?post=2598"},{"taxonomy":"post_tag","embeddable":true,"href":"https:\/\/areabadalona.com\/diario\/wp-json\/wp\/v2\/tags?post=2598"}],"curies":[{"name":"wp","href":"https:\/\/api.w.org\/{rel}","templated":true}]}}