{"id":2592,"date":"2021-11-04T10:56:48","date_gmt":"2021-11-04T10:56:48","guid":{"rendered":"http:\/\/areabadalona.com\/diario\/?p=2592"},"modified":"2021-11-05T16:36:29","modified_gmt":"2021-11-05T16:36:29","slug":"el-col%c2%b7lectiu-de-dansa-jode-dancig-human-sestrena-al-teatre-zorrilla","status":"publish","type":"post","link":"https:\/\/areabadalona.com\/diario\/2021\/11\/04\/el-col%c2%b7lectiu-de-dansa-jode-dancig-human-sestrena-al-teatre-zorrilla\/","title":{"rendered":"El col\u00b7lectiu de dansa jove Dancing Human s&#8217;estrena al Teatre Zorrilla"},"content":{"rendered":"\n<p><strong>Dancing Human<\/strong>, el jove col\u00b7lectiu de dansa de Badalona, presenta la seva primera proposta esc\u00e8nica <strong><em>El Mar ens Crida<\/em><\/strong> el dijous 11 de novembre al Teatre Zorrilla de Badalona a les 20h.<\/p>\n\n\n\n<p><strong><em>El Mar ens Crida<\/em><\/strong>\u00a0\u00e9s fruit d\u2019un projecte educatiu on joves estudiants de dansa s\u2019han encarregat de crear un espectacle de dansa. Les alumnes s\u2019han endinsat dins d\u2019un proc\u00e9s de creaci\u00f3 i n\u2019han extret aprenentatges que les acompanyaran al llarg de la seva vida i traject\u00f2ria professional. Viure un proc\u00e9s de creaci\u00f3 les ha aportat entendre tot l\u2019entramat que hi ha si es vol portar un espectacle fins als teatres.<\/p>\n\n\n\n<p>L&#8217;espectacle creat gira entorn de la problem\u00e0tica dels pl\u00e0stics en el mar i els efectes mediambientals que aquests provoquen. Qu\u00e8 ens diria el mar, si pogu\u00e9s parlar? A trav\u00e9s d&#8217;un di\u00e0leg entre la persona i l&#8217;entorn, habitarem diferents espais i ens trobarem \u00e9ssers marins que intenten conviure en un medi canviant, jugarem amb la plasticitat del moviment dins l&#8217;aigua i conviurem amb un paisatge inquietant manipulat per la humanitat. Un viatge on les joves creadores ens compartiran les seves inquietuds i el seu art.<\/p>\n\n\n\n<p>La directora i emprenedora del projecte \u00e9s la Silvia Pallisera, amb una llarga traject\u00f2ria com a ballarina professional, docent, core\u00f2grafa i directora art\u00edstica de diferents espectacles.<\/p>\n\n\n\n<p>Amb la idea d\u2019apropar la creaci\u00f3 i d\u2019aprofundir la formaci\u00f3 en dansa crea <em>Dancing Human<\/em>, un col\u00b7lectiu art\u00edstic de dansa per a joves. Segons la directora el fet que els alumnes agafin protagonisme i s\u2019endinsin en un projecte d\u2019aquestes dimensions far\u00e0 que es motivin i s&#8217;emocionin per all\u00f2 que fan.<\/p>\n\n\n\n<p>La proposta pedag\u00f2gica que hi ha al darrere situa a la docent com una guia i acompanyant a l\u2019alumne durant tot el proc\u00e9s, que com deia Gilles Deleuze, el veritable mestre no \u00e9s el que diu \u00ab<em>fes-ho com jo<\/em>\u00bb sin\u00f3 \u00ab<em>fes-ho amb mi<\/em>\u00ab. Una proposta immersiva i creativa on \u00ab<em>\u00e9s amb l&#8217;experi\u00e8ncia, quan experimentes, quan prens consci\u00e8ncia del teu rol<\/em>\u00bb (Leadbeater, 2016).<\/p>\n","protected":false},"excerpt":{"rendered":"<p>Dancing Human, el jove col\u00b7lectiu de dansa de Badalona, presenta la seva primera proposta esc\u00e8nica El Mar ens Crida el dijous 11 de novembre al Teatre Zorrilla de Badalona a les 20h. El Mar ens Crida\u00a0\u00e9s fruit d\u2019un projecte educatiu on joves estudiants de dansa s\u2019han encarregat de crear un espectacle de dansa. Les alumnes [&hellip;]<\/p>\n","protected":false},"author":2,"featured_media":2593,"comment_status":"open","ping_status":"open","sticky":false,"template":"","format":"standard","meta":{"footnotes":""},"categories":[25],"tags":[],"class_list":{"0":"post-2592","1":"post","2":"type-post","3":"status-publish","4":"format-standard","5":"has-post-thumbnail","7":"category-cultura"},"_links":{"self":[{"href":"https:\/\/areabadalona.com\/diario\/wp-json\/wp\/v2\/posts\/2592","targetHints":{"allow":["GET"]}}],"collection":[{"href":"https:\/\/areabadalona.com\/diario\/wp-json\/wp\/v2\/posts"}],"about":[{"href":"https:\/\/areabadalona.com\/diario\/wp-json\/wp\/v2\/types\/post"}],"author":[{"embeddable":true,"href":"https:\/\/areabadalona.com\/diario\/wp-json\/wp\/v2\/users\/2"}],"replies":[{"embeddable":true,"href":"https:\/\/areabadalona.com\/diario\/wp-json\/wp\/v2\/comments?post=2592"}],"version-history":[{"count":2,"href":"https:\/\/areabadalona.com\/diario\/wp-json\/wp\/v2\/posts\/2592\/revisions"}],"predecessor-version":[{"id":2607,"href":"https:\/\/areabadalona.com\/diario\/wp-json\/wp\/v2\/posts\/2592\/revisions\/2607"}],"wp:featuredmedia":[{"embeddable":true,"href":"https:\/\/areabadalona.com\/diario\/wp-json\/wp\/v2\/media\/2593"}],"wp:attachment":[{"href":"https:\/\/areabadalona.com\/diario\/wp-json\/wp\/v2\/media?parent=2592"}],"wp:term":[{"taxonomy":"category","embeddable":true,"href":"https:\/\/areabadalona.com\/diario\/wp-json\/wp\/v2\/categories?post=2592"},{"taxonomy":"post_tag","embeddable":true,"href":"https:\/\/areabadalona.com\/diario\/wp-json\/wp\/v2\/tags?post=2592"}],"curies":[{"name":"wp","href":"https:\/\/api.w.org\/{rel}","templated":true}]}}