{"id":2586,"date":"2021-11-04T10:06:42","date_gmt":"2021-11-04T10:06:42","guid":{"rendered":"http:\/\/areabadalona.com\/diario\/?p=2586"},"modified":"2021-11-04T10:06:42","modified_gmt":"2021-11-04T10:06:42","slug":"els-26-alumnes-que-han-obtingut-notes-dexcel%c2%b7lencia-a-les-proves-dacces-a-la-universitat-del-curs-passat-reben-el-reconeixement-de-lajuntament","status":"publish","type":"post","link":"https:\/\/areabadalona.com\/diario\/2021\/11\/04\/els-26-alumnes-que-han-obtingut-notes-dexcel%c2%b7lencia-a-les-proves-dacces-a-la-universitat-del-curs-passat-reben-el-reconeixement-de-lajuntament\/","title":{"rendered":"Els 26 alumnes que han obtingut notes d\u2019excel\u00b7l\u00e8ncia a les proves d\u2019acc\u00e9s a la universitat del curs passat reben el reconeixement de l\u2019Ajuntament"},"content":{"rendered":"\n<p>Aquest dimecres, 3 de novembre, a la sala d\u2019actes del Museu de Badalona ha tingut lloc l\u2019acte de reconeixement als 26 alumnes d\u2019instituts de la ciutat que el curs passat van obtenir un 9 o una nota superior en les Proves d\u2019Acc\u00e9s a la Universitat (PAU).&nbsp;<\/p>\n\n\n\n<p>L\u2019acte de reconeixement ha estat presidit per la regidora de Joventut, Educaci\u00f3 i Cultura, Amanda Feria, en el qual s\u2019ha fet entrega a l&#8217;alumnat i als representants dels centres educatius d\u2019un diploma commemoratiu.&nbsp;<\/p>\n\n\n\n<p>El grup d\u2019estudiants homenatjats est\u00e0 format per 14 noies i 12 nois que van estudiar a 9 centres diferents situats a Badalona (Institut Badalona-7; Institut Isaac Alb\u00e9niz; Institut La Llauna; Col\u00b7legi Maristes Champagnat; Col\u00b7legi Mare de D\u00e9u de l\u2019Assumpci\u00f3; Col\u00b7legi Badalon\u00e8s; Col\u00b7legi Sant Andreu; Col\u00b7legi Cultural i l\u2019Escola Garb\u00ed Pere Verg\u00e9s).&nbsp;<\/p>\n\n\n\n<p>L\u2019homenatge ha donat visibilitat a l\u2019esfor\u00e7 i a la traject\u00f2ria acad\u00e8mica d\u2019aquests alumnes i al treball de l\u2019equip docent. Un reconeixement que aquest any t\u00e9 m\u00e9s valor ateses les complicacions que s\u2019han viscut durant el curs acad\u00e8mic a conseq\u00fc\u00e8ncia de la pand\u00e8mia de la Covid-19. Alumnes, docents i professionals dels centres i les fam\u00edlies han hagut d\u2019adaptar-se r\u00e0pidament a una nova manera d&#8217;aprendre i d&#8217;ensenyar.&nbsp;<\/p>\n\n\n\n<p>Entre els estudis que han triat per continuar la seva carrera acad\u00e8mica, predominen els vinculats a les enginyeries, la medicina, el dret, l\u2019economia i les empreses.&nbsp;<\/p>\n","protected":false},"excerpt":{"rendered":"<p>Aquest dimecres, 3 de novembre, a la sala d\u2019actes del Museu de Badalona ha tingut lloc l\u2019acte de reconeixement als 26 alumnes d\u2019instituts de la ciutat que el curs passat van obtenir un 9 o una nota superior en les Proves d\u2019Acc\u00e9s a la Universitat (PAU).&nbsp; L\u2019acte de reconeixement ha estat presidit per la regidora [&hellip;]<\/p>\n","protected":false},"author":2,"featured_media":2587,"comment_status":"open","ping_status":"open","sticky":false,"template":"","format":"standard","meta":{"footnotes":""},"categories":[23,24],"tags":[],"class_list":{"0":"post-2586","1":"post","2":"type-post","3":"status-publish","4":"format-standard","5":"has-post-thumbnail","7":"category-actualitat","8":"category-societat"},"_links":{"self":[{"href":"https:\/\/areabadalona.com\/diario\/wp-json\/wp\/v2\/posts\/2586","targetHints":{"allow":["GET"]}}],"collection":[{"href":"https:\/\/areabadalona.com\/diario\/wp-json\/wp\/v2\/posts"}],"about":[{"href":"https:\/\/areabadalona.com\/diario\/wp-json\/wp\/v2\/types\/post"}],"author":[{"embeddable":true,"href":"https:\/\/areabadalona.com\/diario\/wp-json\/wp\/v2\/users\/2"}],"replies":[{"embeddable":true,"href":"https:\/\/areabadalona.com\/diario\/wp-json\/wp\/v2\/comments?post=2586"}],"version-history":[{"count":1,"href":"https:\/\/areabadalona.com\/diario\/wp-json\/wp\/v2\/posts\/2586\/revisions"}],"predecessor-version":[{"id":2588,"href":"https:\/\/areabadalona.com\/diario\/wp-json\/wp\/v2\/posts\/2586\/revisions\/2588"}],"wp:featuredmedia":[{"embeddable":true,"href":"https:\/\/areabadalona.com\/diario\/wp-json\/wp\/v2\/media\/2587"}],"wp:attachment":[{"href":"https:\/\/areabadalona.com\/diario\/wp-json\/wp\/v2\/media?parent=2586"}],"wp:term":[{"taxonomy":"category","embeddable":true,"href":"https:\/\/areabadalona.com\/diario\/wp-json\/wp\/v2\/categories?post=2586"},{"taxonomy":"post_tag","embeddable":true,"href":"https:\/\/areabadalona.com\/diario\/wp-json\/wp\/v2\/tags?post=2586"}],"curies":[{"name":"wp","href":"https:\/\/api.w.org\/{rel}","templated":true}]}}