{"id":2583,"date":"2021-11-03T13:59:49","date_gmt":"2021-11-03T13:59:49","guid":{"rendered":"http:\/\/areabadalona.com\/diario\/?p=2583"},"modified":"2021-11-03T13:59:50","modified_gmt":"2021-11-03T13:59:50","slug":"el-museu-de-badalona-presenta-el-llibre-una-de-manera-de-veure-el-mon-teresa-lleal-galceran-1940-1988","status":"publish","type":"post","link":"https:\/\/areabadalona.com\/diario\/2021\/11\/03\/el-museu-de-badalona-presenta-el-llibre-una-de-manera-de-veure-el-mon-teresa-lleal-galceran-1940-1988\/","title":{"rendered":"El Museu de Badalona presenta el llibre Una de manera de veure el m\u00f3n. Teresa Lleal Galceran, 1940-1988"},"content":{"rendered":"\n<p>El Museu de Badalona presenta <strong>dem\u00e0 dijous 4 de novembre, a les 19 hores,<\/strong> el llibre d\u2019Emili Mu\u00f1oz Una manera de veure el m\u00f3n. Teresa Lleal Galceran, 1940-1988. L\u2019obra \u00e9s el resultat d\u2019una intensa recerca que ha perm\u00e8s a l\u2019autor posar a l\u2019abast la biografia de Teresa Lleal, que va jugar un important paper en \u00e0mbits com la renovaci\u00f3 pedag\u00f2gica o l\u2019ensenyament del catal\u00e0 a Badalona.&nbsp;<\/p>\n\n\n\n<p>El llibre \u00e9s, alhora, el retrat d\u2019una \u00e8poca \u2013de l\u2019inici del franquisme als primers anys de democr\u00e0cia-, durant la qual la societat va experimentar grans canvis. La Teresa els va viure en primera persona, en va impulsar alguns i, en molts sentits, es va avan\u00e7ar al seu temps. La seva biografia \u00e9s tamb\u00e9, una mostra de comprom\u00eds amb els altres i d\u2019una traject\u00f2ria vital honesta i coherent fins al final.&nbsp;<\/p>\n","protected":false},"excerpt":{"rendered":"<p>El Museu de Badalona presenta dem\u00e0 dijous 4 de novembre, a les 19 hores, el llibre d\u2019Emili Mu\u00f1oz Una manera de veure el m\u00f3n. Teresa Lleal Galceran, 1940-1988. L\u2019obra \u00e9s el resultat d\u2019una intensa recerca que ha perm\u00e8s a l\u2019autor posar a l\u2019abast la biografia de Teresa Lleal, que va jugar un important paper en [&hellip;]<\/p>\n","protected":false},"author":2,"featured_media":2584,"comment_status":"open","ping_status":"open","sticky":false,"template":"","format":"standard","meta":{"footnotes":""},"categories":[25],"tags":[],"class_list":{"0":"post-2583","1":"post","2":"type-post","3":"status-publish","4":"format-standard","5":"has-post-thumbnail","7":"category-cultura"},"_links":{"self":[{"href":"https:\/\/areabadalona.com\/diario\/wp-json\/wp\/v2\/posts\/2583","targetHints":{"allow":["GET"]}}],"collection":[{"href":"https:\/\/areabadalona.com\/diario\/wp-json\/wp\/v2\/posts"}],"about":[{"href":"https:\/\/areabadalona.com\/diario\/wp-json\/wp\/v2\/types\/post"}],"author":[{"embeddable":true,"href":"https:\/\/areabadalona.com\/diario\/wp-json\/wp\/v2\/users\/2"}],"replies":[{"embeddable":true,"href":"https:\/\/areabadalona.com\/diario\/wp-json\/wp\/v2\/comments?post=2583"}],"version-history":[{"count":1,"href":"https:\/\/areabadalona.com\/diario\/wp-json\/wp\/v2\/posts\/2583\/revisions"}],"predecessor-version":[{"id":2585,"href":"https:\/\/areabadalona.com\/diario\/wp-json\/wp\/v2\/posts\/2583\/revisions\/2585"}],"wp:featuredmedia":[{"embeddable":true,"href":"https:\/\/areabadalona.com\/diario\/wp-json\/wp\/v2\/media\/2584"}],"wp:attachment":[{"href":"https:\/\/areabadalona.com\/diario\/wp-json\/wp\/v2\/media?parent=2583"}],"wp:term":[{"taxonomy":"category","embeddable":true,"href":"https:\/\/areabadalona.com\/diario\/wp-json\/wp\/v2\/categories?post=2583"},{"taxonomy":"post_tag","embeddable":true,"href":"https:\/\/areabadalona.com\/diario\/wp-json\/wp\/v2\/tags?post=2583"}],"curies":[{"name":"wp","href":"https:\/\/api.w.org\/{rel}","templated":true}]}}