{"id":2580,"date":"2021-11-03T13:41:11","date_gmt":"2021-11-03T13:41:11","guid":{"rendered":"http:\/\/areabadalona.com\/diario\/?p=2580"},"modified":"2021-11-03T13:41:12","modified_gmt":"2021-11-03T13:41:12","slug":"badalona-gaudira-per-segon-any-consecutiu-del-campament-reial-amb-presencia-de-ses-majestats-els-reis-dorient","status":"publish","type":"post","link":"https:\/\/areabadalona.com\/diario\/2021\/11\/03\/badalona-gaudira-per-segon-any-consecutiu-del-campament-reial-amb-presencia-de-ses-majestats-els-reis-dorient\/","title":{"rendered":"Badalona gaudir\u00e0 per segon any consecutiu del Campament Reial amb pres\u00e8ncia de Ses Majestats els Reis d\u2019Orient"},"content":{"rendered":"\n<p>Enguany, per segon any consecutiu i despr\u00e9s del gran \u00e8xit que va tenir l\u2019any passat, Ses Majestats els Reis Mags d\u2019Orient instal\u00b7laran el seu campament al parc de Montigal\u00e0 els dies 29 i 30 de desembre de 2021, i els dies 2, 3 i 4 de gener de 2022. &nbsp;<\/p>\n\n\n\n<p>El Campament Reial estar\u00e0 obert al p\u00fablic entre les 17 i les 21 hores i romandr\u00e0 tancat els dies 31 de desembre i 1 de gener.&nbsp;<\/p>\n\n\n\n<p>D\u2019altra banda l\u2019Ajuntament de Badalona augmentar\u00e0 per aquestes properes festes de Nadal el nombre de carrers i avingudes amb la il\u00b7luminaci\u00f3 nadalenca i dels grans elements decoratius que es podran veure a diferents barris de la ciutat.&nbsp;<\/p>\n\n\n\n<p>Aquest any doncs l\u2019avinguda de Lloreda, la ronda de Sant Antoni de Llefi\u00e0, l\u2019avinguda de Sant Salvador i alguns carrers del barri de Sant Roc podran gaudir de l\u2019enllumenat nadalenc de la ciutat.&nbsp;<\/p>\n\n\n\n<p>Tamb\u00e9 els gran elements lluminosos que guarneixen Badalona per aquestes dates, com ara caixes de regals, boles, cors, campanes, p\u00f2diums&#8230; creixer\u00e0 i passar\u00e0 de tenir-ne quatre l\u2019any passat, als deu d\u2019aquest any. Barris com Bonavista, Bufal\u00e0, Coll i Pujol, La Salut, Llefi\u00e0, Morera, Nova Lloreda, Sistrells, Progr\u00e9s o &nbsp;Pomar disposaran enguany d\u2019aquests ornamentals lluminosos nadalencs.&nbsp;<\/p>\n\n\n\n<p>L\u2019encesa de &nbsp;l\u2019enllumenat de les festes nadalenques, i els llums de l\u2019arbre de Nadal, ubicat al centre de la pla\u00e7a de la Vila, est\u00e0 previst que es faci el divendres 26 de novembre, el darrer divendres de mes, a les 18 hores.&nbsp;<\/p>\n","protected":false},"excerpt":{"rendered":"<p>Enguany, per segon any consecutiu i despr\u00e9s del gran \u00e8xit que va tenir l\u2019any passat, Ses Majestats els Reis Mags d\u2019Orient instal\u00b7laran el seu campament al parc de Montigal\u00e0 els dies 29 i 30 de desembre de 2021, i els dies 2, 3 i 4 de gener de 2022. &nbsp; El Campament Reial estar\u00e0 obert [&hellip;]<\/p>\n","protected":false},"author":2,"featured_media":2581,"comment_status":"open","ping_status":"open","sticky":false,"template":"","format":"standard","meta":{"footnotes":""},"categories":[25,24],"tags":[],"class_list":{"0":"post-2580","1":"post","2":"type-post","3":"status-publish","4":"format-standard","5":"has-post-thumbnail","7":"category-cultura","8":"category-societat"},"_links":{"self":[{"href":"https:\/\/areabadalona.com\/diario\/wp-json\/wp\/v2\/posts\/2580","targetHints":{"allow":["GET"]}}],"collection":[{"href":"https:\/\/areabadalona.com\/diario\/wp-json\/wp\/v2\/posts"}],"about":[{"href":"https:\/\/areabadalona.com\/diario\/wp-json\/wp\/v2\/types\/post"}],"author":[{"embeddable":true,"href":"https:\/\/areabadalona.com\/diario\/wp-json\/wp\/v2\/users\/2"}],"replies":[{"embeddable":true,"href":"https:\/\/areabadalona.com\/diario\/wp-json\/wp\/v2\/comments?post=2580"}],"version-history":[{"count":1,"href":"https:\/\/areabadalona.com\/diario\/wp-json\/wp\/v2\/posts\/2580\/revisions"}],"predecessor-version":[{"id":2582,"href":"https:\/\/areabadalona.com\/diario\/wp-json\/wp\/v2\/posts\/2580\/revisions\/2582"}],"wp:featuredmedia":[{"embeddable":true,"href":"https:\/\/areabadalona.com\/diario\/wp-json\/wp\/v2\/media\/2581"}],"wp:attachment":[{"href":"https:\/\/areabadalona.com\/diario\/wp-json\/wp\/v2\/media?parent=2580"}],"wp:term":[{"taxonomy":"category","embeddable":true,"href":"https:\/\/areabadalona.com\/diario\/wp-json\/wp\/v2\/categories?post=2580"},{"taxonomy":"post_tag","embeddable":true,"href":"https:\/\/areabadalona.com\/diario\/wp-json\/wp\/v2\/tags?post=2580"}],"curies":[{"name":"wp","href":"https:\/\/api.w.org\/{rel}","templated":true}]}}