{"id":2577,"date":"2021-11-03T13:36:02","date_gmt":"2021-11-03T13:36:02","guid":{"rendered":"http:\/\/areabadalona.com\/diario\/?p=2577"},"modified":"2021-11-03T13:36:03","modified_gmt":"2021-11-03T13:36:03","slug":"comencen-les-obres-dasfaltatge-del-carrer-denric-borras-al-barri-del-centre-de-badalona","status":"publish","type":"post","link":"https:\/\/areabadalona.com\/diario\/2021\/11\/03\/comencen-les-obres-dasfaltatge-del-carrer-denric-borras-al-barri-del-centre-de-badalona\/","title":{"rendered":"Comencen les obres d\u2019asfaltatge del carrer d\u2019Enric Borr\u00e0s, al barri del Centre de Badalona"},"content":{"rendered":"\n<p>Aquesta setmana han comen\u00e7at les obres d\u2019asfaltatge del carrer d\u2019Enric Borr\u00e0s al barri del Centre, des de l\u2019avinguda d\u2019en Mart\u00ed Pujol fins a l\u2019avinguda de Sant Ignasi de Loiola.&nbsp;<\/p>\n\n\n\n<p>Les obres es divideixen en dues fases. S\u2019ha comen\u00e7at des de l\u2019avinguda d\u2019en Mart\u00ed Pujol fins al carrer del Dos de Maig, i es preveu finalitzin el 26 de novembre, mentre que la segona fase, entre el carrer del Dos de Maig i l\u2019avinguda de Sant Ignasi de Loiola, \u00e9s previst que es porti a terme entre el 29 de novembre i el 24 de desembre.&nbsp;<\/p>\n\n\n\n<p>L\u2019empresa constructora anir\u00e0 col\u00b7locant la preceptiva senyalitzaci\u00f3 de prohibici\u00f3 d\u2019estacionament de vehicles a mesura que vagin avan\u00e7ant les obres. Aix\u00ed mateix, els grups de contenidors d\u2019escombraries afectats que hi ha al carrer, o als carrers pr\u00f2xims a les obres, s\u2019aniran despla\u00e7ant i s\u2019ubicaran temporalment en zones provisionalment habilitades amb aquesta finalitat.&nbsp;<\/p>\n\n\n\n<p>Les l\u00ednies d&#8217;autob\u00fas B3, B4, M26 i B29 tamb\u00e9 es veuran afectades mentre durin les obres i Tusgsal ja ha programat el corresponent desviament. Tamb\u00e9&nbsp;<\/p>\n\n\n\n<p>el carrer Moss\u00e8n Anton Romeu veur\u00e0 afectat el seu sentit de circulaci\u00f3.&nbsp;<\/p>\n\n\n\n<p>Ja fa setmanes que es porten a terme reparacions en les voreres del carrer d\u2019Enric Borr\u00e0s. Una vegada s\u2019acabin les obres d\u2019asfaltat, est\u00e0 previst que s\u2019executin treballs d\u2019urbanisme t\u00e0ctic, \u00e9s a dir; transformacions r\u00e0pides i de baix cost per reduir la velocitat, evitar que s\u2019aparqui a les voreres, reduir l&#8217;espai que ocupen els vehicles privats i fer m\u00e9s lloc per als que van a peu o en bicicleta.&nbsp;<\/p>\n\n\n\n<p>L\u2019alcalde de Badalona, Xavier Garcia Albiol, ha subratllat que \u201camb aquestes obres, llargament reclamades pels ve\u00efns de la zona, fem un pas molt important per a la millora de la mobilitat i per a la qualitat de vida de la gent que hi viu\u201d.&nbsp;<\/p>\n\n\n\n<p><strong>Asfaltat de l\u2019avinguda de M\u00f2naco i del carrer de Sant Bartomeu&nbsp;<\/strong><\/p>\n\n\n\n<p>Un cop finalitzin les obres a Enric Borras, l\u2019empresa Rogasa Construcciones y Contratas ser\u00e0 tamb\u00e9 l\u2019encarregada portar a terme els treballs de reasfaltat del ferm de l\u2019avinguda de M\u00f2naco entre el carrer Sic\u00edlia i el carrer Wagner, al barri Puigfred i del carrer Sant Bartomeu al barri de Llefi\u00e0. El pressupost conjunt de l\u2019actuaci\u00f3 en aquests tres carrers \u00e9s de 459.000 euros.&nbsp;<\/p>\n","protected":false},"excerpt":{"rendered":"<p>Aquesta setmana han comen\u00e7at les obres d\u2019asfaltatge del carrer d\u2019Enric Borr\u00e0s al barri del Centre, des de l\u2019avinguda d\u2019en Mart\u00ed Pujol fins a l\u2019avinguda de Sant Ignasi de Loiola.&nbsp; Les obres es divideixen en dues fases. S\u2019ha comen\u00e7at des de l\u2019avinguda d\u2019en Mart\u00ed Pujol fins al carrer del Dos de Maig, i es preveu finalitzin [&hellip;]<\/p>\n","protected":false},"author":2,"featured_media":2578,"comment_status":"open","ping_status":"open","sticky":false,"template":"","format":"standard","meta":{"footnotes":""},"categories":[23,24],"tags":[],"class_list":{"0":"post-2577","1":"post","2":"type-post","3":"status-publish","4":"format-standard","5":"has-post-thumbnail","7":"category-actualitat","8":"category-societat"},"_links":{"self":[{"href":"https:\/\/areabadalona.com\/diario\/wp-json\/wp\/v2\/posts\/2577","targetHints":{"allow":["GET"]}}],"collection":[{"href":"https:\/\/areabadalona.com\/diario\/wp-json\/wp\/v2\/posts"}],"about":[{"href":"https:\/\/areabadalona.com\/diario\/wp-json\/wp\/v2\/types\/post"}],"author":[{"embeddable":true,"href":"https:\/\/areabadalona.com\/diario\/wp-json\/wp\/v2\/users\/2"}],"replies":[{"embeddable":true,"href":"https:\/\/areabadalona.com\/diario\/wp-json\/wp\/v2\/comments?post=2577"}],"version-history":[{"count":1,"href":"https:\/\/areabadalona.com\/diario\/wp-json\/wp\/v2\/posts\/2577\/revisions"}],"predecessor-version":[{"id":2579,"href":"https:\/\/areabadalona.com\/diario\/wp-json\/wp\/v2\/posts\/2577\/revisions\/2579"}],"wp:featuredmedia":[{"embeddable":true,"href":"https:\/\/areabadalona.com\/diario\/wp-json\/wp\/v2\/media\/2578"}],"wp:attachment":[{"href":"https:\/\/areabadalona.com\/diario\/wp-json\/wp\/v2\/media?parent=2577"}],"wp:term":[{"taxonomy":"category","embeddable":true,"href":"https:\/\/areabadalona.com\/diario\/wp-json\/wp\/v2\/categories?post=2577"},{"taxonomy":"post_tag","embeddable":true,"href":"https:\/\/areabadalona.com\/diario\/wp-json\/wp\/v2\/tags?post=2577"}],"curies":[{"name":"wp","href":"https:\/\/api.w.org\/{rel}","templated":true}]}}