{"id":2565,"date":"2021-10-29T08:28:53","date_gmt":"2021-10-29T08:28:53","guid":{"rendered":"http:\/\/areabadalona.com\/diario\/?p=2565"},"modified":"2021-10-29T08:28:54","modified_gmt":"2021-10-29T08:28:54","slug":"nova-campanya-per-difondre-el-projecte-radars-badalona-per-evitar-la-soledat-no-volguda-de-la-gent-gran","status":"publish","type":"post","link":"https:\/\/areabadalona.com\/diario\/2021\/10\/29\/nova-campanya-per-difondre-el-projecte-radars-badalona-per-evitar-la-soledat-no-volguda-de-la-gent-gran\/","title":{"rendered":"Nova campanya per difondre el projecte Radars Badalona per evitar la soledat no volguda de la gent gran"},"content":{"rendered":"\n<p>\u201cConeixes persones grans que estiguin soles i que necessitin algun suport i visquin al teu barri? Truca al tel\u00e8fon 900 102 844\u201d. Aquesta \u00e9s la crida que fa la nova campanya de difusi\u00f3 del projecte Radars Badalona. &nbsp;<\/p>\n\n\n\n<p>L\u2019\u00c0rea de Gent Gran, Ciutadania, Pol\u00edtiques d\u2019Igualtat, Feminismes i LGTBI de l\u2019Ajuntament de Badalona vol reactivar el projecte Radars Badalona amb l\u2019edici\u00f3 de p\u00f2sters, fulls volants i enganxines. Aquest material, amb una renovada imatge, es difondr\u00e0 als comer\u00e7os, les farm\u00e0cies i les entitats ve\u00efnals que col\u00b7laboren com a detectors\u2013radars- en aquesta iniciativa comunit\u00e0ria. Radars Badalona t\u00e9 l\u2019objectiu de detectar i prevenir situacions de risc en persones grans i poder pal\u00b7liar els efectes de la solitud no desitjada. &nbsp;<\/p>\n\n\n\n<p>Nascut l\u2019any 2019 com a prova pilot als barris de Dalt la Vila, Centre i Coll i Pujol, Radars Badalona treballa teixint una xarxa de barri, formada per les associacions ve\u00efnals, comer\u00e7os, farm\u00e0cies, ambulatoris i els Serveis Socials, per detectar situacions de vulnerabilitat de les persones grans. &nbsp;<\/p>\n\n\n\n<p>Radars Badalona, en conveni amb l\u2019Ajuntament de Barcelona, presenta aquesta nova campanya organitzada per l\u2019Ajuntament de Badalona, Amics de la Gent Gran, el Servei d\u2019Atenci\u00f3 Prim\u00e0ria del Barcelon\u00e8s Nord i Maresme de l\u2019Institut Catal\u00e0 de la Salut i la Creu Roja del Barcelon\u00e8s Nord, i amb la col\u00b7laboraci\u00f3 de les associacions de ve\u00efns del Centre de Badalona; de Coll i Pujol, de Dalt La Vila; de Can Mercader i el Quart M\u00f3n dels Pares Carmelites.&nbsp;<\/p>\n\n\n\n<p>Per a la regidora la regidora de l\u2019\u00c0rea de Gent Gran, Ciutadania i Pol\u00edtiques d\u2019Igualtat, Feminismes i LGTBI, Flor\u00e8ncia Badia: \u201ccal que continuem fent l\u2019esfor\u00e7 de detectar situacions de solitud no desitjada entre la nostra gent gran per tal de prevenir un deteriorament de la salut f\u00edsica i emocional en les persones d\u2019edat avan\u00e7ada. \u00c9s una realitat que les relacions amb altres i la participaci\u00f3 en l\u2019entorn social ajuda a millorar substancialment les nostres vides. Ara i sempre tenim un deure amb la gent gran de Badalona, no podem abandonar-la, ni deixar-la en l\u2019oblit.\u201d&nbsp;<\/p>\n","protected":false},"excerpt":{"rendered":"<p>\u201cConeixes persones grans que estiguin soles i que necessitin algun suport i visquin al teu barri? Truca al tel\u00e8fon 900 102 844\u201d. Aquesta \u00e9s la crida que fa la nova campanya de difusi\u00f3 del projecte Radars Badalona. &nbsp; L\u2019\u00c0rea de Gent Gran, Ciutadania, Pol\u00edtiques d\u2019Igualtat, Feminismes i LGTBI de l\u2019Ajuntament de Badalona vol reactivar el [&hellip;]<\/p>\n","protected":false},"author":2,"featured_media":2566,"comment_status":"open","ping_status":"open","sticky":false,"template":"","format":"standard","meta":{"footnotes":""},"categories":[23,24],"tags":[],"class_list":{"0":"post-2565","1":"post","2":"type-post","3":"status-publish","4":"format-standard","5":"has-post-thumbnail","7":"category-actualitat","8":"category-societat"},"_links":{"self":[{"href":"https:\/\/areabadalona.com\/diario\/wp-json\/wp\/v2\/posts\/2565","targetHints":{"allow":["GET"]}}],"collection":[{"href":"https:\/\/areabadalona.com\/diario\/wp-json\/wp\/v2\/posts"}],"about":[{"href":"https:\/\/areabadalona.com\/diario\/wp-json\/wp\/v2\/types\/post"}],"author":[{"embeddable":true,"href":"https:\/\/areabadalona.com\/diario\/wp-json\/wp\/v2\/users\/2"}],"replies":[{"embeddable":true,"href":"https:\/\/areabadalona.com\/diario\/wp-json\/wp\/v2\/comments?post=2565"}],"version-history":[{"count":1,"href":"https:\/\/areabadalona.com\/diario\/wp-json\/wp\/v2\/posts\/2565\/revisions"}],"predecessor-version":[{"id":2567,"href":"https:\/\/areabadalona.com\/diario\/wp-json\/wp\/v2\/posts\/2565\/revisions\/2567"}],"wp:featuredmedia":[{"embeddable":true,"href":"https:\/\/areabadalona.com\/diario\/wp-json\/wp\/v2\/media\/2566"}],"wp:attachment":[{"href":"https:\/\/areabadalona.com\/diario\/wp-json\/wp\/v2\/media?parent=2565"}],"wp:term":[{"taxonomy":"category","embeddable":true,"href":"https:\/\/areabadalona.com\/diario\/wp-json\/wp\/v2\/categories?post=2565"},{"taxonomy":"post_tag","embeddable":true,"href":"https:\/\/areabadalona.com\/diario\/wp-json\/wp\/v2\/tags?post=2565"}],"curies":[{"name":"wp","href":"https:\/\/api.w.org\/{rel}","templated":true}]}}