{"id":2126,"date":"2021-06-18T15:06:00","date_gmt":"2021-06-18T15:06:00","guid":{"rendered":"http:\/\/areabadalona.com\/diario\/?p=2126"},"modified":"2021-06-21T08:07:50","modified_gmt":"2021-06-21T08:07:50","slug":"els-barris-del-gorg-can-claris-congres-raval-i-la-mora-del-districte-5-recuperen-loficina-del-servei-basic-datencio-social-sbas-despres-destar-gairebe-cinc-anys-tanca","status":"publish","type":"post","link":"https:\/\/areabadalona.com\/diario\/2021\/06\/18\/els-barris-del-gorg-can-claris-congres-raval-i-la-mora-del-districte-5-recuperen-loficina-del-servei-basic-datencio-social-sbas-despres-destar-gairebe-cinc-anys-tanca\/","title":{"rendered":"Els barris del Gorg, Can Claris, Congr\u00e9s, Raval i la Mora, del Districte 5, recuperen l\u2019oficina del Servei B\u00e0sic d\u2019Atenci\u00f3 Social (SBAS) despr\u00e9s d\u2019estar gaireb\u00e9 cinc anys tancada"},"content":{"rendered":"\n<p>Els ve\u00efns i les ve\u00efnes dels barris del Gorg, Can Claris, Congr\u00e9s, Raval i la Mora, del Districte 5, han recuperat l\u2019oficina del Servei B\u00e0sic d\u2019Atenci\u00f3 Social (SBAS). Aquest servei ha reobert als baixos del Palau Municipal d\u2019Esports de Badalona, a l\u2019avinguda d\u2019Alfons XIII, n\u00fam. 114, seu tamb\u00e9 del Districte 5. Despr\u00e9s de tancar l\u20191 de novembre de 2016 els serveis d\u2019atenci\u00f3 social es van traslladar i eren compartits amb el Districte 1, al carrer de Jaume Sol\u00e0, al barri de Coll i Pujol. &nbsp;<\/p>\n\n\n\n<p>Aquest migdia l\u2019alcalde de Badalona, Xavier Garcia Albiol, el regidor de Serveis Socials i Participaci\u00f3, Miguel Jurado, i la regidora de Ciutadania i delegada del Districte 5, Flor\u00e8ncia Badia, han visitat les noves instal\u00b7lacions de l\u2019SBAS. En aquest servei hi treballen 7 persones i disposen de dos despatxos per a les atencions individualitzades. L\u2019SBAS disposa actualment de 2 educadores, 2 treballadores socials, 1 integrador laboral, una administrativa i una cap.&nbsp;<\/p>\n\n\n\n<p>L\u2019alcalde, Xavier Garcia Albiol, ha assenyalat despr\u00e9s de visitar l\u2019SBAS 5 que: \u201cavui \u00e9s un dia important, hem pogut tornar a apropar els serveis socials als ve\u00efns i les ve\u00efnes d\u2019aquests cinc barris sense que hagin de patir les mol\u00e8sties de despla\u00e7ar-se al centre, aquest govern municipal t\u00e9 com una de les seves prioritats continuar apropant els serveis als ve\u00efns\u201d.&nbsp;<\/p>\n","protected":false},"excerpt":{"rendered":"<p>Els ve\u00efns i les ve\u00efnes dels barris del Gorg, Can Claris, Congr\u00e9s, Raval i la Mora, del Districte 5, han recuperat l\u2019oficina del Servei B\u00e0sic d\u2019Atenci\u00f3 Social (SBAS). Aquest servei ha reobert als baixos del Palau Municipal d\u2019Esports de Badalona, a l\u2019avinguda d\u2019Alfons XIII, n\u00fam. 114, seu tamb\u00e9 del Districte 5. Despr\u00e9s de tancar l\u20191 [&hellip;]<\/p>\n","protected":false},"author":2,"featured_media":2127,"comment_status":"open","ping_status":"open","sticky":false,"template":"","format":"standard","meta":{"footnotes":""},"categories":[23],"tags":[],"class_list":{"0":"post-2126","1":"post","2":"type-post","3":"status-publish","4":"format-standard","5":"has-post-thumbnail","7":"category-actualitat"},"_links":{"self":[{"href":"https:\/\/areabadalona.com\/diario\/wp-json\/wp\/v2\/posts\/2126","targetHints":{"allow":["GET"]}}],"collection":[{"href":"https:\/\/areabadalona.com\/diario\/wp-json\/wp\/v2\/posts"}],"about":[{"href":"https:\/\/areabadalona.com\/diario\/wp-json\/wp\/v2\/types\/post"}],"author":[{"embeddable":true,"href":"https:\/\/areabadalona.com\/diario\/wp-json\/wp\/v2\/users\/2"}],"replies":[{"embeddable":true,"href":"https:\/\/areabadalona.com\/diario\/wp-json\/wp\/v2\/comments?post=2126"}],"version-history":[{"count":1,"href":"https:\/\/areabadalona.com\/diario\/wp-json\/wp\/v2\/posts\/2126\/revisions"}],"predecessor-version":[{"id":2128,"href":"https:\/\/areabadalona.com\/diario\/wp-json\/wp\/v2\/posts\/2126\/revisions\/2128"}],"wp:featuredmedia":[{"embeddable":true,"href":"https:\/\/areabadalona.com\/diario\/wp-json\/wp\/v2\/media\/2127"}],"wp:attachment":[{"href":"https:\/\/areabadalona.com\/diario\/wp-json\/wp\/v2\/media?parent=2126"}],"wp:term":[{"taxonomy":"category","embeddable":true,"href":"https:\/\/areabadalona.com\/diario\/wp-json\/wp\/v2\/categories?post=2126"},{"taxonomy":"post_tag","embeddable":true,"href":"https:\/\/areabadalona.com\/diario\/wp-json\/wp\/v2\/tags?post=2126"}],"curies":[{"name":"wp","href":"https:\/\/api.w.org\/{rel}","templated":true}]}}