{"id":2123,"date":"2021-06-18T11:29:25","date_gmt":"2021-06-18T11:29:25","guid":{"rendered":"http:\/\/areabadalona.com\/diario\/?p=2123"},"modified":"2021-06-18T11:29:28","modified_gmt":"2021-06-18T11:29:28","slug":"lajuntament-impulsa-el-programa-dactivitats-estiu-amb-tu-perque-els-infants-i-joves-de-la-ciutat-gaudeixin-del-temps-de-vacances-i-de-lleure","status":"publish","type":"post","link":"https:\/\/areabadalona.com\/diario\/2021\/06\/18\/lajuntament-impulsa-el-programa-dactivitats-estiu-amb-tu-perque-els-infants-i-joves-de-la-ciutat-gaudeixin-del-temps-de-vacances-i-de-lleure\/","title":{"rendered":"L\u2019Ajuntament impulsa el programa d\u2019activitats \u2018Estiu amb tu\u2019 perqu\u00e8 els infants i joves de la ciutat gaudeixin del temps de vacances i de lleure"},"content":{"rendered":"\n<p>L\u2019Ajuntament de Badalona ha impulsat el programa d\u2019activitats \u2018Estiu amb tu\u2019 amb 40 propostes diferents destinades als infants i joves de la ciutat perqu\u00e8 puguin gaudir del seu temps de vacances i lleure amb experi\u00e8ncies vitals positives i que ajudin al seu benestar i desenvolupament. Amb aquest cat\u00e0leg d\u2019activitats es vol facilitar que els participants reprenguin les relacions entre ells i els espais de socialitzaci\u00f3 despr\u00e9s d\u2019uns mesos marcats pel context sanitari i, a la vegada, recuperar l\u2019\u00fas dels espais p\u00fablics de la ciutat, especialment la platja i la muntanya.&nbsp;<\/p>\n\n\n\n<p>Les activitats estan dividides en diferents categories segons la seva tem\u00e0tica (esport, medi ambient, cultura urbana, educaci\u00f3, cultura, m\u00fasica, tecnologia i comunicaci\u00f3 audiovisual) i es divideixen segons l\u2019edat a qu\u00e8 estan destinades (infants de 3 a 12 anys i joves d\u2019entre 13 i 18). Per primera vegada es contractaran vetlladors per tal de donar suport als casals que apostin per la inclusi\u00f3 i inscriguin a infants que necessitin aquesta atenci\u00f3 especial.&nbsp;<\/p>\n\n\n\n<p>A m\u00e9s del cat\u00e0leg de recursos i activitats, l\u2019Ajuntament, juntament amb vuit entitats de la ciutat, ha organitzat diferents casals durant els mesos de juliol i agost als cinc barris que s\u00f3n dins del Pla Educatiu d\u2019Entorn. Amb aquesta iniciativa es garantir\u00e0 un increment aproximat de 700 places per a infants i joves d\u2019aquests territoris. El programa est\u00e0 dotat amb 363.000 euros provinents dels Plans de Millora d\u2019Oportunitats Educatives del Departament d\u2019Educaci\u00f3 i del Pla d\u2019\u00c8xit Educatiu de l\u2019Ajuntament. En la mateixa l\u00ednia s\u2019ha signat un conveni a l\u2019associaci\u00f3 Aspanin per garantir la viabilitat del casal de les escoles d\u2019educaci\u00f3 especial. Tamb\u00e9 es mantenen la iniciativa Patis Oberts a diferents escoles de la ciutat. &nbsp;<\/p>\n\n\n\n<p>La regidora de Cultura, Educaci\u00f3 i Joventut, Amanda Feria, ha destacat que el programa \u2018Estiu amb tu\u2019 \u201cs&#8217;ha organitzat des dels diferents serveis de l\u2019Ajuntament de Badalona i ha comptat amb la col\u00b7laboraci\u00f3 i les aportacions de les entitats de la ciutat, les AMPA i escoles p\u00fabliques i la Federaci\u00f3 d\u2019Associacions de Fam\u00edlies d\u2019Alumnes de Centres P\u00fablics de Badalona. Feria ha explicat que \u201cs\u2019han destinat aproximadament 500.000 euros, entre fons propis de l\u2019Ajuntament i d\u2019altres administracions, amb l\u2019objectiu de consolidar una oferta de lleure educatiu que arribi a tots els infants, adolescents i joves, i que sigui de la m\u00e0xima qualitat i no deixi a ning\u00fa enrere, especialment en el cas de l\u2019educaci\u00f3 especial\u201d &nbsp;<\/p>\n\n\n\n<p>Podeu consultar el cat\u00e0leg d\u2019activitats en la <a href=\"http:\/\/badalona.cat\/portalWeb\/getfile?dID=120163&amp;rendition=web\">p\u00e0gina web de l\u2019Ajuntament<\/a>, on tamb\u00e9 trobareu els <a href=\"http:\/\/badalona.cat\/portalWeb\/badalona.portal?_nfpb=true&amp;_pageLabel=estiu_amb_tu#wlp_estiu_amb_tu\">requeriments i formularis d\u2019inscripci\u00f3<\/a>.&nbsp;<\/p>\n","protected":false},"excerpt":{"rendered":"<p>L\u2019Ajuntament de Badalona ha impulsat el programa d\u2019activitats \u2018Estiu amb tu\u2019 amb 40 propostes diferents destinades als infants i joves de la ciutat perqu\u00e8 puguin gaudir del seu temps de vacances i lleure amb experi\u00e8ncies vitals positives i que ajudin al seu benestar i desenvolupament. Amb aquest cat\u00e0leg d\u2019activitats es vol facilitar que els participants [&hellip;]<\/p>\n","protected":false},"author":2,"featured_media":2124,"comment_status":"open","ping_status":"open","sticky":false,"template":"","format":"standard","meta":{"footnotes":""},"categories":[23],"tags":[],"class_list":{"0":"post-2123","1":"post","2":"type-post","3":"status-publish","4":"format-standard","5":"has-post-thumbnail","7":"category-actualitat"},"_links":{"self":[{"href":"https:\/\/areabadalona.com\/diario\/wp-json\/wp\/v2\/posts\/2123","targetHints":{"allow":["GET"]}}],"collection":[{"href":"https:\/\/areabadalona.com\/diario\/wp-json\/wp\/v2\/posts"}],"about":[{"href":"https:\/\/areabadalona.com\/diario\/wp-json\/wp\/v2\/types\/post"}],"author":[{"embeddable":true,"href":"https:\/\/areabadalona.com\/diario\/wp-json\/wp\/v2\/users\/2"}],"replies":[{"embeddable":true,"href":"https:\/\/areabadalona.com\/diario\/wp-json\/wp\/v2\/comments?post=2123"}],"version-history":[{"count":1,"href":"https:\/\/areabadalona.com\/diario\/wp-json\/wp\/v2\/posts\/2123\/revisions"}],"predecessor-version":[{"id":2125,"href":"https:\/\/areabadalona.com\/diario\/wp-json\/wp\/v2\/posts\/2123\/revisions\/2125"}],"wp:featuredmedia":[{"embeddable":true,"href":"https:\/\/areabadalona.com\/diario\/wp-json\/wp\/v2\/media\/2124"}],"wp:attachment":[{"href":"https:\/\/areabadalona.com\/diario\/wp-json\/wp\/v2\/media?parent=2123"}],"wp:term":[{"taxonomy":"category","embeddable":true,"href":"https:\/\/areabadalona.com\/diario\/wp-json\/wp\/v2\/categories?post=2123"},{"taxonomy":"post_tag","embeddable":true,"href":"https:\/\/areabadalona.com\/diario\/wp-json\/wp\/v2\/tags?post=2123"}],"curies":[{"name":"wp","href":"https:\/\/api.w.org\/{rel}","templated":true}]}}