{"id":2036,"date":"2021-06-03T08:55:00","date_gmt":"2021-06-03T08:55:00","guid":{"rendered":"http:\/\/areabadalona.com\/diario\/?p=2036"},"modified":"2021-06-04T09:18:25","modified_gmt":"2021-06-04T09:18:25","slug":"comencen-les-obres-de-manteniment-reforma-i-millora-del-passeig-maritim-de-badalona","status":"publish","type":"post","link":"https:\/\/areabadalona.com\/diario\/2021\/06\/03\/comencen-les-obres-de-manteniment-reforma-i-millora-del-passeig-maritim-de-badalona\/","title":{"rendered":"Comencen les obres de manteniment, reforma i millora del passeig Mar\u00edtim de Badalona"},"content":{"rendered":"\n<p>Avui han comen\u00e7at els treballs de manteniment, reforma i millora del passeig Mar\u00edtim de Badalona. Els treballs de conservaci\u00f3 i reforma consisteixen b\u00e0sicament en la neteja a fons, la reparaci\u00f3, pintura i, si s\u2019escau, el recanvi de les fustes malmeses del passeig, dels bancs, les papereres, amb la instal\u00b7laci\u00f3 de 17 noves, i el mobiliari urb\u00e0. Tamb\u00e9 es far\u00e0 l\u2019arranjament de les palmeres i es plantaran 33 de noves per substituir totes aquelles que hi falten.&nbsp;<\/p>\n\n\n\n<p>Entre les obres de millora del passeig Mar\u00edtim s\u2019inclouen la instal\u00b7laci\u00f3 de pilones per evitar l\u2019entrada de vehicles no autoritzats, la restauraci\u00f3 de les tres barques que hi ha la platja dels Pescadors, com a elements singulars, per tornar-les a deixar en perfecte estat, i tamb\u00e9 es galvanitzaran totes les tanques del passeig per recuperar-les de la corrosi\u00f3. Com a novetat, a la platja de l\u2019Estaci\u00f3 s\u2019instal\u00b7lar\u00e0 un \u201cstreet workout\u201d de grans dimensions; \u00e9s a dir; un conjunt d\u2019aparells que permeten exercitar els m\u00fasculs.&nbsp;<\/p>\n\n\n\n<div><a href=\"https:\/\/areabadalona.com\/diario\/wp-content\/uploads\/2021\/06\/Manteniment-02.jpg\" class=\"td-modal-image\"><div class=\"wp-block-image\"><figure class=\"aligncenter size-large\"><img loading=\"lazy\" decoding=\"async\" width=\"900\" height=\"638\" src=\"https:\/\/areabadalona.com\/diario\/wp-content\/uploads\/2021\/06\/Manteniment-02.jpg\" alt=\"\" class=\"wp-image-2037\" srcset=\"https:\/\/areabadalona.com\/diario\/wp-content\/uploads\/2021\/06\/Manteniment-02.jpg 900w, https:\/\/areabadalona.com\/diario\/wp-content\/uploads\/2021\/06\/Manteniment-02-300x213.jpg 300w, https:\/\/areabadalona.com\/diario\/wp-content\/uploads\/2021\/06\/Manteniment-02-768x544.jpg 768w, https:\/\/areabadalona.com\/diario\/wp-content\/uploads\/2021\/06\/Manteniment-02-150x106.jpg 150w, https:\/\/areabadalona.com\/diario\/wp-content\/uploads\/2021\/06\/Manteniment-02-696x493.jpg 696w\" sizes=\"auto, (max-width: 900px) 100vw, 900px\" \/><\/figure><\/div><\/a><\/div>\n\n\n\n<p>L\u2019alcalde de Badalona, Xavier Garcia Albiol, acompanyat del 3r tinent d\u2019alcaldia i regidor de l\u2019\u00c0mbit de Territori i Sostenibilitat, Daniel Gr\u00e0cia, ha destacat aquest mat\u00ed durant l\u2019inici dels treballs que: \u201ccalia reprendre aquestes tasques despr\u00e9s de 5 anys sense que s\u2019hagu\u00e9s fet cap mena de manteniment del passeig\u201d. L\u2019alcalde ha afegit que \u201camb aquesta actuaci\u00f3 podrem tornar a dignificar aquest espai i que els ciutadans de Badalona el puguin gaudir i tornar a sentir orgullosos i presumir de passeig Mar\u00edtim\u201d. \u201cDignificarem el passeig Mar\u00edtim per tal que torni a ser de primera, en la l\u00ednia de treball que ha iniciat aquest Govern municipal de fer el manteniment que requereixen tots els espais de la ciutat\u201d, ha concl\u00f2s l&#8217;alcalde.<\/p>\n\n\n\n<p>Per a fer totes aquestes actuacions s\u2019han destinat m\u00e9s de 41.000 euros m\u00e9s els recursos propis de les brigades municipals de Manteniment i els equips de Medi Ambient.&nbsp;<\/p>\n","protected":false},"excerpt":{"rendered":"<p>Avui han comen\u00e7at els treballs de manteniment, reforma i millora del passeig Mar\u00edtim de Badalona. Els treballs de conservaci\u00f3 i reforma consisteixen b\u00e0sicament en la neteja a fons, la reparaci\u00f3, pintura i, si s\u2019escau, el recanvi de les fustes malmeses del passeig, dels bancs, les papereres, amb la instal\u00b7laci\u00f3 de 17 noves, i el mobiliari [&hellip;]<\/p>\n","protected":false},"author":2,"featured_media":2038,"comment_status":"open","ping_status":"open","sticky":false,"template":"","format":"standard","meta":{"footnotes":""},"categories":[23],"tags":[],"class_list":{"0":"post-2036","1":"post","2":"type-post","3":"status-publish","4":"format-standard","5":"has-post-thumbnail","7":"category-actualitat"},"_links":{"self":[{"href":"https:\/\/areabadalona.com\/diario\/wp-json\/wp\/v2\/posts\/2036","targetHints":{"allow":["GET"]}}],"collection":[{"href":"https:\/\/areabadalona.com\/diario\/wp-json\/wp\/v2\/posts"}],"about":[{"href":"https:\/\/areabadalona.com\/diario\/wp-json\/wp\/v2\/types\/post"}],"author":[{"embeddable":true,"href":"https:\/\/areabadalona.com\/diario\/wp-json\/wp\/v2\/users\/2"}],"replies":[{"embeddable":true,"href":"https:\/\/areabadalona.com\/diario\/wp-json\/wp\/v2\/comments?post=2036"}],"version-history":[{"count":1,"href":"https:\/\/areabadalona.com\/diario\/wp-json\/wp\/v2\/posts\/2036\/revisions"}],"predecessor-version":[{"id":2039,"href":"https:\/\/areabadalona.com\/diario\/wp-json\/wp\/v2\/posts\/2036\/revisions\/2039"}],"wp:featuredmedia":[{"embeddable":true,"href":"https:\/\/areabadalona.com\/diario\/wp-json\/wp\/v2\/media\/2038"}],"wp:attachment":[{"href":"https:\/\/areabadalona.com\/diario\/wp-json\/wp\/v2\/media?parent=2036"}],"wp:term":[{"taxonomy":"category","embeddable":true,"href":"https:\/\/areabadalona.com\/diario\/wp-json\/wp\/v2\/categories?post=2036"},{"taxonomy":"post_tag","embeddable":true,"href":"https:\/\/areabadalona.com\/diario\/wp-json\/wp\/v2\/tags?post=2036"}],"curies":[{"name":"wp","href":"https:\/\/api.w.org\/{rel}","templated":true}]}}