{"id":1994,"date":"2021-05-28T09:08:00","date_gmt":"2021-05-28T09:08:00","guid":{"rendered":"http:\/\/areabadalona.com\/diario\/?p=1994"},"modified":"2021-05-31T09:16:58","modified_gmt":"2021-05-31T09:16:58","slug":"lajuntament-inicia-una-nova-estrategia-de-tractament-del-clavegueram-per-prevenir-reduir-i-controlar-la-presencia-de-paneroles-en-zones-despecial-risc-de-proliferacio","status":"publish","type":"post","link":"https:\/\/areabadalona.com\/diario\/2021\/05\/28\/lajuntament-inicia-una-nova-estrategia-de-tractament-del-clavegueram-per-prevenir-reduir-i-controlar-la-presencia-de-paneroles-en-zones-despecial-risc-de-proliferacio\/","title":{"rendered":"L\u2019Ajuntament inicia una nova estrat\u00e8gia de tractament del clavegueram per prevenir, reduir i controlar la pres\u00e8ncia de paneroles en zones d\u2019especial risc de proliferaci\u00f3"},"content":{"rendered":"\n<p>Aquesta setmana t\u00e8cnics del servei de Salut i de l\u2019empresa gestora LOKIMICA, especialitzada en la vigil\u00e0ncia i control de plagues, han comen\u00e7at a executar les noves actuacions preventives previstes en contra la proliferaci\u00f3 de paneroles en el clavegueram de la ciutat. El pla sistem\u00e0tic que ha comen\u00e7at&nbsp; pel districte 1 i seguir\u00e0 per la resta de districtes, es preveu que estigui executat en un mes i mig.&nbsp;<\/p>\n\n\n\n<p>Cada any, des del final de la primavera fins a l\u2019inici de la tardor es produeix una proliferaci\u00f3 de paneroles en el clavegueram que al capvespre i durant la nit surten a la via publica a la recerca de menjar. Davant d\u2019aquesta situaci\u00f3, a partir de l&#8217;experi\u00e8ncia dels tractaments realitzats els darrers anys, de les dades sobre infestaci\u00f3 obtingudes de l\u2019activitat d\u2019aquesta plaga en el clavegueram i de les incid\u00e8ncies ciutadanes que es reben, el Servei de Salut ha elaborat un&nbsp; pla de tractament preventiu de diverses zones de la ciutat on l\u2019aparici\u00f3 d&#8217;aquests insectes \u00e9s m\u00e9s massiva, important i molesta per a la ciutadania .&nbsp;<\/p>\n\n\n\n<p>Amb aquesta finalitat, s\u2019han establert unes zones de risc en cada districte en les que es procedir\u00e0 a aplicar a les parets dels pous del clavegueram un producte insecticida amb una capacitat residual efectiva de 3 mesos que, a m\u00e9s de l\u2019efecte directe sobre les paneroles, crea una barrera que evitar\u00e0 que les paneroles la travessin i puguin sortir al carrer.&nbsp; El nombre de pous que es tractaran&nbsp; dependr\u00e0 de la infestaci\u00f3 de la plaga en el moment d\u2019obrir la tapa. Els pous que hagin estat tractats quedaran marcats.&nbsp;<\/p>\n\n\n\n<p>Per millorar les mesures preventives per evitar la proliferaci\u00f3 de paneroles tamb\u00e9 es portar\u00e0 a terme una campanya informativa a trav\u00e9s de les xarxes socials i ve\u00efnals per recordar la import\u00e0ncia que t\u00e9 mantenir les instal\u00b7lacions de sanejament interiors dels habitatges en bones condicions. \u00c9s especialment important condicionar els baixants, arquetes, cambres d\u2019aire i les connexions de la xarxa de clavegueram privada que poden presentar trams complexos amb espais en mal estat, pendents insuficients o amb retenci\u00f3 de mat\u00e8ria org\u00e0nica, ja que poden convertir-se en l\u2019h\u00e0bitat de la panerola negre o la panerola americana -la m\u00e9s freq\u00fcent actualment- que s\u00f3n les dues que ocupen el clavegueram. &nbsp;<\/p>\n\n\n\n<p>Tamb\u00e9 es recorda a la ciutadania la import\u00e0ncia de:&nbsp;<\/p>\n\n\n\n<ul class=\"wp-block-list\"><li>Netejar b\u00e9 les cuines eliminant el greix, especialment els desguassos, darreres de frigor\u00edfics, congeladors, microones, forns, cuines, rentadores, assecadores, etc. &nbsp;<\/li><li>Segellar les esquerdes, forats i clivelles que solen ser per on surten i es refugien.&nbsp;<\/li><li>Tancar b\u00e9 les finestres i les portes exteriors.&nbsp;<\/li><li>Tenir sempre el cubell de les deixalles org\u00e0niques ben tapat.&nbsp;<\/li><li>Baixar di\u00e0riament les escombraries tapades, especialment les org\u00e0niques,&nbsp; en bosses ben lligades i deixar-les dins dels contenidors ben tancats. &nbsp;<\/li><\/ul>\n\n\n\n<p>D\u2019altra banda,&nbsp; el Servei de Salut atendr\u00e0 totes les incid\u00e8ncies que rebi sobre la presencia de paneroles a la via p\u00fablica mitjan\u00e7ant el tel\u00e8fon 934832778 o el correu electr\u00f2nic <a href=\"mailto:protecci\u00f3salut@badalona.cat\">protecci\u00f3salut@badalona.cat<\/a>.&nbsp;<\/p>\n","protected":false},"excerpt":{"rendered":"<p>Aquesta setmana t\u00e8cnics del servei de Salut i de l\u2019empresa gestora LOKIMICA, especialitzada en la vigil\u00e0ncia i control de plagues, han comen\u00e7at a executar les noves actuacions preventives previstes en contra la proliferaci\u00f3 de paneroles en el clavegueram de la ciutat. El pla sistem\u00e0tic que ha comen\u00e7at&nbsp; pel districte 1 i seguir\u00e0 per la resta [&hellip;]<\/p>\n","protected":false},"author":2,"featured_media":1995,"comment_status":"open","ping_status":"open","sticky":false,"template":"","format":"standard","meta":{"footnotes":""},"categories":[23],"tags":[],"class_list":{"0":"post-1994","1":"post","2":"type-post","3":"status-publish","4":"format-standard","5":"has-post-thumbnail","7":"category-actualitat"},"_links":{"self":[{"href":"https:\/\/areabadalona.com\/diario\/wp-json\/wp\/v2\/posts\/1994","targetHints":{"allow":["GET"]}}],"collection":[{"href":"https:\/\/areabadalona.com\/diario\/wp-json\/wp\/v2\/posts"}],"about":[{"href":"https:\/\/areabadalona.com\/diario\/wp-json\/wp\/v2\/types\/post"}],"author":[{"embeddable":true,"href":"https:\/\/areabadalona.com\/diario\/wp-json\/wp\/v2\/users\/2"}],"replies":[{"embeddable":true,"href":"https:\/\/areabadalona.com\/diario\/wp-json\/wp\/v2\/comments?post=1994"}],"version-history":[{"count":1,"href":"https:\/\/areabadalona.com\/diario\/wp-json\/wp\/v2\/posts\/1994\/revisions"}],"predecessor-version":[{"id":1996,"href":"https:\/\/areabadalona.com\/diario\/wp-json\/wp\/v2\/posts\/1994\/revisions\/1996"}],"wp:featuredmedia":[{"embeddable":true,"href":"https:\/\/areabadalona.com\/diario\/wp-json\/wp\/v2\/media\/1995"}],"wp:attachment":[{"href":"https:\/\/areabadalona.com\/diario\/wp-json\/wp\/v2\/media?parent=1994"}],"wp:term":[{"taxonomy":"category","embeddable":true,"href":"https:\/\/areabadalona.com\/diario\/wp-json\/wp\/v2\/categories?post=1994"},{"taxonomy":"post_tag","embeddable":true,"href":"https:\/\/areabadalona.com\/diario\/wp-json\/wp\/v2\/tags?post=1994"}],"curies":[{"name":"wp","href":"https:\/\/api.w.org\/{rel}","templated":true}]}}