{"id":1955,"date":"2021-05-21T12:01:45","date_gmt":"2021-05-21T12:01:45","guid":{"rendered":"http:\/\/areabadalona.com\/diario\/?p=1955"},"modified":"2021-05-21T12:01:48","modified_gmt":"2021-05-21T12:01:48","slug":"tusgsal-i-lassociacio-espanyola-contra-el-cancer-signen-un-acord-per-promoure-habits-de-vida-saludable-i-donar-suport-al-personal-de-la-companyia-i-familiars-que-afrontin-un-proces-de-la-mala","status":"publish","type":"post","link":"https:\/\/areabadalona.com\/diario\/2021\/05\/21\/tusgsal-i-lassociacio-espanyola-contra-el-cancer-signen-un-acord-per-promoure-habits-de-vida-saludable-i-donar-suport-al-personal-de-la-companyia-i-familiars-que-afrontin-un-proces-de-la-mala\/","title":{"rendered":"TUSGSAL i l\u2019Associaci\u00f3 Espanyola Contra el C\u00e0ncer signen un acord per promoure h\u00e0bits de vida saludable i donar suport al personal de la companyia i familiars que afrontin un proc\u00e9s de la malaltia"},"content":{"rendered":"\n<p>Tots hem de tenir les mateixes possibilitats per a evitar el c\u00e0ncer, viure amb ell i accedir als resultats de la seva recerca. Difondre aquest missatge \u00e9s primordial. Per fer-ho, TUSGSAL s\u2019adhereix a un acord contra el c\u00e0ncer amb l\u2019Associaci\u00f3 Espanyola Contra el C\u00e0ncer (AECC). El conveni contempla la difusi\u00f3 d\u2019informaci\u00f3 rellevant i d\u2019inter\u00e8s de l\u2019AECC i les seves campanyes, accions i qualsevol altra activitat dirigida al benefici dels afectats pel c\u00e0ncer i les seves fam\u00edlies. L\u2019AECC oferir\u00e0 als treballadors\/res i familiars de TUSGSAL tot un seguit de serveis gratu\u00efts, presencials i on-line com, per exemple: atenci\u00f3 psicol\u00f2gica, acompanyament telef\u00f2nic, benestar corporal o assessorament m\u00e8dic-sanitari. Per l\u2019AECC \u00e9s important que tinguin la informaci\u00f3 adequada perqu\u00e8 puguin accedir als serveis en qualsevol moment.<\/p>\n\n\n\n<p>El President del Consell d\u2019Administraci\u00f3 de TUSGSAL, Federico Llobet, el Director General, Carles F\u00e0bregas i el Subdirector General, J.M. Parra han visitat la seu de AECC-Catalunya a Barcelona (espai Bcn aecc actiu contra el c\u00e0ncer). Els han rebut la Gerent de l\u2019espai Barcelona, Angela S\u00e1nchez i el seu Responsable d\u2019alian\u00e7es corporatives, David Fornies. Els representants de TUSGSAL han vist en primera persona les instal\u00b7lacions de Barcelona i el seu funcionament. All\u00e0 mateix s\u2019ha signat el acord entre TUSGSAL i AECC per col\u00b7laborar amb la lluita i la prevenci\u00f3 contra el c\u00e0ncer.<\/p>\n\n\n\n<p>A partir d\u2019ara la plantilla de TUSGSAL rebr\u00e0 mensualment la newsletter del programa de l\u2019AECC \u201cLa teva Salut \u00e9s el primer\u201d. A trav\u00e9s d\u2019aquesta es difondran consells d\u2019h\u00e0bits de vida saludable, tallers en l\u00ednia o presencials, informaci\u00f3 sobre avan\u00e7os en la recerca, prevenci\u00f3, accions que ajuden a recaptar fons &nbsp;voluntaris o jornades divulgatives.<\/p>\n\n\n\n<p>Finalment, destaquem que aquest any, TUSGSAL recolza al programa de l\u2019AECC &nbsp;\u00abAtenci\u00f3 integral a la gent gran amb c\u00e0ncer\u201d que t\u00e9 per objectiu millorar la qualitat de vida de 1.000 persones majors de 65 anys diagnosticades de c\u00e0ncer a Barcelona i la seva prov\u00edncia. TUSGSAL, en qualitat d\u2019empresa socialment responsable i compromesa amb les persones, continua sumant acords amb entitats com l\u2019AECC que s\u2019esforcen en impulsar els Objectius de Desenvolupament Sostenible (ODS) establerts per a 2030. En aquest cas treballen en salut i benestar, reduir les desigualtats i promoure aliances amb diferents entitats.<\/p>\n","protected":false},"excerpt":{"rendered":"<p>Tots hem de tenir les mateixes possibilitats per a evitar el c\u00e0ncer, viure amb ell i accedir als resultats de la seva recerca. Difondre aquest missatge \u00e9s primordial. Per fer-ho, TUSGSAL s\u2019adhereix a un acord contra el c\u00e0ncer amb l\u2019Associaci\u00f3 Espanyola Contra el C\u00e0ncer (AECC). El conveni contempla la difusi\u00f3 d\u2019informaci\u00f3 rellevant i d\u2019inter\u00e8s de [&hellip;]<\/p>\n","protected":false},"author":2,"featured_media":1956,"comment_status":"open","ping_status":"open","sticky":false,"template":"","format":"standard","meta":{"footnotes":""},"categories":[23],"tags":[],"class_list":{"0":"post-1955","1":"post","2":"type-post","3":"status-publish","4":"format-standard","5":"has-post-thumbnail","7":"category-actualitat"},"_links":{"self":[{"href":"https:\/\/areabadalona.com\/diario\/wp-json\/wp\/v2\/posts\/1955","targetHints":{"allow":["GET"]}}],"collection":[{"href":"https:\/\/areabadalona.com\/diario\/wp-json\/wp\/v2\/posts"}],"about":[{"href":"https:\/\/areabadalona.com\/diario\/wp-json\/wp\/v2\/types\/post"}],"author":[{"embeddable":true,"href":"https:\/\/areabadalona.com\/diario\/wp-json\/wp\/v2\/users\/2"}],"replies":[{"embeddable":true,"href":"https:\/\/areabadalona.com\/diario\/wp-json\/wp\/v2\/comments?post=1955"}],"version-history":[{"count":1,"href":"https:\/\/areabadalona.com\/diario\/wp-json\/wp\/v2\/posts\/1955\/revisions"}],"predecessor-version":[{"id":1957,"href":"https:\/\/areabadalona.com\/diario\/wp-json\/wp\/v2\/posts\/1955\/revisions\/1957"}],"wp:featuredmedia":[{"embeddable":true,"href":"https:\/\/areabadalona.com\/diario\/wp-json\/wp\/v2\/media\/1956"}],"wp:attachment":[{"href":"https:\/\/areabadalona.com\/diario\/wp-json\/wp\/v2\/media?parent=1955"}],"wp:term":[{"taxonomy":"category","embeddable":true,"href":"https:\/\/areabadalona.com\/diario\/wp-json\/wp\/v2\/categories?post=1955"},{"taxonomy":"post_tag","embeddable":true,"href":"https:\/\/areabadalona.com\/diario\/wp-json\/wp\/v2\/tags?post=1955"}],"curies":[{"name":"wp","href":"https:\/\/api.w.org\/{rel}","templated":true}]}}