{"id":1952,"date":"2021-05-21T09:09:06","date_gmt":"2021-05-21T09:09:06","guid":{"rendered":"http:\/\/areabadalona.com\/diario\/?p=1952"},"modified":"2021-05-21T09:09:09","modified_gmt":"2021-05-21T09:09:09","slug":"badalona-sadhereix-a-la-xxii-setmana-sense-fum-que-tindra-lloc-del-25-al-31-de-maig","status":"publish","type":"post","link":"https:\/\/areabadalona.com\/diario\/2021\/05\/21\/badalona-sadhereix-a-la-xxii-setmana-sense-fum-que-tindra-lloc-del-25-al-31-de-maig\/","title":{"rendered":"Badalona s\u2019adhereix a la XXII Setmana Sense Fum, que tindr\u00e0 lloc del 25 al 31 de maig"},"content":{"rendered":"\n<p>L\u2019Ajuntament de Badalona participar\u00e0 un any m\u00e9s en la Setmana Sense Fum que enguany tindr\u00e0 lloc des d\u2019aquest proper dimarts 25 de maig, al dilluns dia 31. Sota el lema \u201cLa teva altra vacuna\u201d la campanya t\u00e9 l\u2019objectiu de sensibilitzar a la poblaci\u00f3 de la import\u00e0ncia que t\u00e9 per a la salut el fet de no iniciar-se en el consum de tabac o abandonar l\u2019h\u00e0bit de fumar i poder gaudir d\u2019un ambient lliure de fum.&nbsp;<\/p>\n\n\n\n<p>Amb la voluntat d\u2019aconseguir la major difusi\u00f3 possible el Servei de Salut de l\u2019Ajuntament de Badalona far\u00e0 una campanya a les xarxes socials durant la Setmana Sense Fum per informar sobre els problemes de salut que comporta el tabaquisme i recordant tamb\u00e9 que es pot deixar de fumar amb l\u2019ajuda de moltes de les entitats que treballen la prevenci\u00f3 i el tractament del tabaquisme a la ciutat. Entre aquestes associacions i entitats hi trobem els centres d\u2019atenci\u00f3 prim\u00e0ria adherits a la Xarxa d\u2019Atenci\u00f3 Prim\u00e0ria Sense Fum (XAPSF); l\u2019Hospital Municipal de Badalona; el Centre Sociosanitari del Carme; l\u2019Institut Catal\u00e0 d\u2019Oncologia; l\u2019Hospital Germans Trias i Pujol, adherits a la Xarxa d\u2019Hospitals Sense Fum (XCHSF); el Centre Delta d\u2019Atenci\u00f3 a les Drogodepend\u00e8ncies i altres espais com farm\u00e0cies. Per demanar ajuda tamb\u00e9 es pot trucar al tel\u00e8fon 061 de CatSalutRespon.&nbsp;<\/p>\n\n\n\n<p>La Setmana Sense Fum \u00e9s una iniciativa oberta a totes les entitats que poden participar fent-ne difusi\u00f3 o b\u00e9 realitzant activitats. Les entitats que vulguin adherir-se ho poden fer mitjan\u00e7ant el web <a href=\"http:\/\/www.setmanasensefum.cat\">www.setmanasensefum.cat<\/a>&nbsp;<\/p>\n\n\n\n<p>on, a m\u00e9s, es poden descarregar tot tipus de material publicitari com d\u00edptics, cartells, v\u00eddeos i infografies per transmetre l\u2019activitat al m\u00e0xim de gent possible.&nbsp;<\/p>\n\n\n\n<p>La Setmana Sense Fum \u00e9s una iniciativa de la Societat Catalana de Medicina Familiar i Comunit\u00e0ria (CAMFiC); la Xarxa d\u2019Atenci\u00f3 Prim\u00e0ria Sense Fum, la Xarxa Catalana d\u2019Hospitals Sense Fum, la Xarxa Catalana d\u2019Universitats Saludables, els col\u00b7legis de Catalunya de metges, d\u2019infermeria, de farmac\u00e8utics, de pedagogs i de psicologia, les societats cient\u00edfiques de Catalunya, de medicina familiar i comunit\u00e0ria, d\u2019infermeria familiar i comunit\u00e0ria, de llevadores i de salut laboral, la Societat Catalana d\u2019Atenci\u00f3 i Tractament del Consum de Tabac, la Federaci\u00f3 de Municipis de Catalunya, l\u2019Associaci\u00f3 Catalana de Municipis i les Diputacions, l\u2019Ag\u00e8ncia de Salut P\u00fablica de Catalunya i els serveis territorials, l\u2019Ag\u00e8ncia de Salut P\u00fablica de Barcelona, l\u2019Associaci\u00f3 Espanyola Contra el C\u00e0ncer, la Federaci\u00f3 Catalana d\u2019Entitats Contra el C\u00e0ncer i l\u2019organitzaci\u00f3 no governamental No m\u00e1s colillas en el suelo.&nbsp;<\/p>\n","protected":false},"excerpt":{"rendered":"<p>L\u2019Ajuntament de Badalona participar\u00e0 un any m\u00e9s en la Setmana Sense Fum que enguany tindr\u00e0 lloc des d\u2019aquest proper dimarts 25 de maig, al dilluns dia 31. Sota el lema \u201cLa teva altra vacuna\u201d la campanya t\u00e9 l\u2019objectiu de sensibilitzar a la poblaci\u00f3 de la import\u00e0ncia que t\u00e9 per a la salut el fet de [&hellip;]<\/p>\n","protected":false},"author":2,"featured_media":1953,"comment_status":"open","ping_status":"open","sticky":false,"template":"","format":"standard","meta":{"footnotes":""},"categories":[23],"tags":[],"class_list":{"0":"post-1952","1":"post","2":"type-post","3":"status-publish","4":"format-standard","5":"has-post-thumbnail","7":"category-actualitat"},"_links":{"self":[{"href":"https:\/\/areabadalona.com\/diario\/wp-json\/wp\/v2\/posts\/1952","targetHints":{"allow":["GET"]}}],"collection":[{"href":"https:\/\/areabadalona.com\/diario\/wp-json\/wp\/v2\/posts"}],"about":[{"href":"https:\/\/areabadalona.com\/diario\/wp-json\/wp\/v2\/types\/post"}],"author":[{"embeddable":true,"href":"https:\/\/areabadalona.com\/diario\/wp-json\/wp\/v2\/users\/2"}],"replies":[{"embeddable":true,"href":"https:\/\/areabadalona.com\/diario\/wp-json\/wp\/v2\/comments?post=1952"}],"version-history":[{"count":1,"href":"https:\/\/areabadalona.com\/diario\/wp-json\/wp\/v2\/posts\/1952\/revisions"}],"predecessor-version":[{"id":1954,"href":"https:\/\/areabadalona.com\/diario\/wp-json\/wp\/v2\/posts\/1952\/revisions\/1954"}],"wp:featuredmedia":[{"embeddable":true,"href":"https:\/\/areabadalona.com\/diario\/wp-json\/wp\/v2\/media\/1953"}],"wp:attachment":[{"href":"https:\/\/areabadalona.com\/diario\/wp-json\/wp\/v2\/media?parent=1952"}],"wp:term":[{"taxonomy":"category","embeddable":true,"href":"https:\/\/areabadalona.com\/diario\/wp-json\/wp\/v2\/categories?post=1952"},{"taxonomy":"post_tag","embeddable":true,"href":"https:\/\/areabadalona.com\/diario\/wp-json\/wp\/v2\/tags?post=1952"}],"curies":[{"name":"wp","href":"https:\/\/api.w.org\/{rel}","templated":true}]}}