{"id":1923,"date":"2021-05-19T15:37:52","date_gmt":"2021-05-19T15:37:52","guid":{"rendered":"http:\/\/areabadalona.com\/diario\/?p=1923"},"modified":"2021-05-19T15:37:55","modified_gmt":"2021-05-19T15:37:55","slug":"el-centre-civic-can-cabanyes-nou-punt-de-vacunacio","status":"publish","type":"post","link":"https:\/\/areabadalona.com\/diario\/2021\/05\/19\/el-centre-civic-can-cabanyes-nou-punt-de-vacunacio\/","title":{"rendered":"El Centre C\u00edvic Can Cabanyes, nou punt de vacunaci\u00f3"},"content":{"rendered":"\n<p>El Departament de Salut ha posat en funcionament aquesta setmana un punt mitj\u00e0 de vacunaci\u00f3 al Centre C\u00edvic Can Cabanyes, equipament cedit per l\u2019ajuntament de Badalona, amb entrada per l\u2019avinguda de Salvador Espriu. Aquest punt, gestionat per l\u2019Institut Catal\u00e0 de la Salut, obrir\u00e0 de dilluns a divendres, de les 9 a les 13 hores i de les 15 a les 20 hores. Tamb\u00e9 els caps de setmana, sempre segons la disponibilitat de vacunes que hi hagi en cada moment.<br>Els primers dies de funcionament s\u2019estan administrant vacunes a la poblaci\u00f3 compresa entre els 50 i els 59 anys.<br>El Centre C\u00edvic Can Cabanyes forma part dels 19 punts de vacunaci\u00f3 mitjans que hi ha oberts a data d\u2019avui a la Regi\u00f3 Sanit\u00e0ria Metropolitana Nord. Els altres 2 punts situats a Badalona s\u00f3n el Centre Cultural El Carme (carrer de Francesc Layret, 78), i el Centre Sociosanitari de Badalona Serveis Assistencials (carrer de Sant Jeroni de Murtra, 60). Al Barcelon\u00e8s Nord tamb\u00e9 hi ha un punt a Santa Coloma de Gramenet, al Centre C\u00edvic Can Mariner.<br>Per poder vacunar-se al Centre C\u00edvic Can Cabanyes o a qualsevol dels altres punts del territori, cal formar part dels grups convocats pel Departament de Salut, segons dicta en cada moment l\u2019estrat\u00e8gia de vacunaci\u00f3. Aquesta setmana s\u2019est\u00e0 convocant per SMS a les persones nascudes entre els anys 1962 i 1971 perqu\u00e8 puguin reservar hora, dia i lloc per vacunar-se. Tamb\u00e9 poden demanar cita al web vacunacovidsalut.cat.<br>El desenvolupament de la campanya de vacunaci\u00f3 avan\u00e7a en funci\u00f3 de les dosis de vacunes disponibles. Si les franges hor\u00e0ries, els dies o els llocs per vacunar-se estan complets, es recomana anar entrant a l\u2019aplicaci\u00f3 durant els dies seg\u00fcents per comprovar si hi ha noves cites disponibles.<\/p>\n","protected":false},"excerpt":{"rendered":"<p>El Departament de Salut ha posat en funcionament aquesta setmana un punt mitj\u00e0 de vacunaci\u00f3 al Centre C\u00edvic Can Cabanyes, equipament cedit per l\u2019ajuntament de Badalona, amb entrada per l\u2019avinguda de Salvador Espriu. Aquest punt, gestionat per l\u2019Institut Catal\u00e0 de la Salut, obrir\u00e0 de dilluns a divendres, de les 9 a les 13 hores i [&hellip;]<\/p>\n","protected":false},"author":2,"featured_media":1924,"comment_status":"open","ping_status":"open","sticky":false,"template":"","format":"standard","meta":{"footnotes":""},"categories":[23],"tags":[],"class_list":{"0":"post-1923","1":"post","2":"type-post","3":"status-publish","4":"format-standard","5":"has-post-thumbnail","7":"category-actualitat"},"_links":{"self":[{"href":"https:\/\/areabadalona.com\/diario\/wp-json\/wp\/v2\/posts\/1923","targetHints":{"allow":["GET"]}}],"collection":[{"href":"https:\/\/areabadalona.com\/diario\/wp-json\/wp\/v2\/posts"}],"about":[{"href":"https:\/\/areabadalona.com\/diario\/wp-json\/wp\/v2\/types\/post"}],"author":[{"embeddable":true,"href":"https:\/\/areabadalona.com\/diario\/wp-json\/wp\/v2\/users\/2"}],"replies":[{"embeddable":true,"href":"https:\/\/areabadalona.com\/diario\/wp-json\/wp\/v2\/comments?post=1923"}],"version-history":[{"count":1,"href":"https:\/\/areabadalona.com\/diario\/wp-json\/wp\/v2\/posts\/1923\/revisions"}],"predecessor-version":[{"id":1925,"href":"https:\/\/areabadalona.com\/diario\/wp-json\/wp\/v2\/posts\/1923\/revisions\/1925"}],"wp:featuredmedia":[{"embeddable":true,"href":"https:\/\/areabadalona.com\/diario\/wp-json\/wp\/v2\/media\/1924"}],"wp:attachment":[{"href":"https:\/\/areabadalona.com\/diario\/wp-json\/wp\/v2\/media?parent=1923"}],"wp:term":[{"taxonomy":"category","embeddable":true,"href":"https:\/\/areabadalona.com\/diario\/wp-json\/wp\/v2\/categories?post=1923"},{"taxonomy":"post_tag","embeddable":true,"href":"https:\/\/areabadalona.com\/diario\/wp-json\/wp\/v2\/tags?post=1923"}],"curies":[{"name":"wp","href":"https:\/\/api.w.org\/{rel}","templated":true}]}}