{"id":1366,"date":"2021-01-15T11:52:28","date_gmt":"2021-01-15T11:52:28","guid":{"rendered":"http:\/\/areabadalona.com\/diario\/?p=1366"},"modified":"2021-01-15T11:52:30","modified_gmt":"2021-01-15T11:52:30","slug":"actuacio-urgent-de-reparacio-de-lasfalt-del-carrer-denric-borras","status":"publish","type":"post","link":"https:\/\/areabadalona.com\/diario\/2021\/01\/15\/actuacio-urgent-de-reparacio-de-lasfalt-del-carrer-denric-borras\/","title":{"rendered":"Actuaci\u00f3 urgent de reparaci\u00f3 de l\u2019asfalt del carrer d\u2019Enric Borr\u00e0s"},"content":{"rendered":"\n<p>El Servei de Manteniment d\u2019Espais P\u00fablics de l\u2019Ajuntament de Badalona portar\u00e0 a terme a partir del dilluns 18 de gener obres de reparaci\u00f3 de l\u2019asfalt del carrer d\u2019Enric Borr\u00e0s del barri del Centre. L\u2019objectiu d\u2019aquesta actuaci\u00f3 provisional \u00e9s evitar el perill que suposa actualment l\u2019estat d\u2019alguns trams del ferm per als vianants i per al tr\u00e0nsit dels vehicles.<\/p>\n\n\n\n<p>Les reparacions afectaran diversos punts del carrer amb una superf\u00edcie total de 148 m2. Aquesta \u00e9s una obra de reparaci\u00f3 provisional, a l\u2019espera que en els pr\u00f2xims mesos es porti a terme el projecte definitiu de renovaci\u00f3 del ferm del carrer. Aix\u00ed mateix, s\u2019aprofitar\u00e0 aquest projecte per acordar amb el ve\u00efnat mesures per pacificar l\u2019entorn del carrer.<\/p>\n\n\n\n<p>Mentre es faci l&#8217;execuci\u00f3 d&#8217;aquesta actuaci\u00f3, amb una durada aproximada de cinc dies, es tallar\u00e0 el tr\u00e0nsit del carrer durant els dies laborables.<\/p>\n","protected":false},"excerpt":{"rendered":"<p>El Servei de Manteniment d\u2019Espais P\u00fablics de l\u2019Ajuntament de Badalona portar\u00e0 a terme a partir del dilluns 18 de gener obres de reparaci\u00f3 de l\u2019asfalt del carrer d\u2019Enric Borr\u00e0s del barri del Centre. L\u2019objectiu d\u2019aquesta actuaci\u00f3 provisional \u00e9s evitar el perill que suposa actualment l\u2019estat d\u2019alguns trams del ferm per als vianants i per al [&hellip;]<\/p>\n","protected":false},"author":2,"featured_media":1367,"comment_status":"open","ping_status":"open","sticky":false,"template":"","format":"standard","meta":{"footnotes":""},"categories":[23],"tags":[],"class_list":{"0":"post-1366","1":"post","2":"type-post","3":"status-publish","4":"format-standard","5":"has-post-thumbnail","7":"category-actualitat"},"_links":{"self":[{"href":"https:\/\/areabadalona.com\/diario\/wp-json\/wp\/v2\/posts\/1366","targetHints":{"allow":["GET"]}}],"collection":[{"href":"https:\/\/areabadalona.com\/diario\/wp-json\/wp\/v2\/posts"}],"about":[{"href":"https:\/\/areabadalona.com\/diario\/wp-json\/wp\/v2\/types\/post"}],"author":[{"embeddable":true,"href":"https:\/\/areabadalona.com\/diario\/wp-json\/wp\/v2\/users\/2"}],"replies":[{"embeddable":true,"href":"https:\/\/areabadalona.com\/diario\/wp-json\/wp\/v2\/comments?post=1366"}],"version-history":[{"count":1,"href":"https:\/\/areabadalona.com\/diario\/wp-json\/wp\/v2\/posts\/1366\/revisions"}],"predecessor-version":[{"id":1368,"href":"https:\/\/areabadalona.com\/diario\/wp-json\/wp\/v2\/posts\/1366\/revisions\/1368"}],"wp:featuredmedia":[{"embeddable":true,"href":"https:\/\/areabadalona.com\/diario\/wp-json\/wp\/v2\/media\/1367"}],"wp:attachment":[{"href":"https:\/\/areabadalona.com\/diario\/wp-json\/wp\/v2\/media?parent=1366"}],"wp:term":[{"taxonomy":"category","embeddable":true,"href":"https:\/\/areabadalona.com\/diario\/wp-json\/wp\/v2\/categories?post=1366"},{"taxonomy":"post_tag","embeddable":true,"href":"https:\/\/areabadalona.com\/diario\/wp-json\/wp\/v2\/tags?post=1366"}],"curies":[{"name":"wp","href":"https:\/\/api.w.org\/{rel}","templated":true}]}}