{"id":1362,"date":"2021-01-15T09:22:19","date_gmt":"2021-01-15T09:22:19","guid":{"rendered":"http:\/\/areabadalona.com\/diario\/?p=1362"},"modified":"2021-01-15T09:22:22","modified_gmt":"2021-01-15T09:22:22","slug":"badalona-formara-part-dun-programa-pilot-per-introduir-millores-al-sistema-de-sobreeixidors-del-col%c2%b7lector-de-llevant","status":"publish","type":"post","link":"https:\/\/areabadalona.com\/diario\/2021\/01\/15\/badalona-formara-part-dun-programa-pilot-per-introduir-millores-al-sistema-de-sobreeixidors-del-col%c2%b7lector-de-llevant\/","title":{"rendered":"Badalona formar\u00e0 part d\u2019un programa pilot per introduir millores al sistema de sobreeixidors del col\u00b7lector de Llevant"},"content":{"rendered":"\n<p>Minimitzar o solucionar els episodis de contaminaci\u00f3 a la platja de Badalona despr\u00e9s de fortes pluges \u00e9s l\u2019objectiu que s\u2019ha fixat l\u2019Ajuntament i la Generalitat de Catalunya.<\/p>\n\n\n\n<p>Badalona pateix el problema de la incapacitat del sistema del clavegueram d\u2019absorbir tot el volum d\u2019aigua que es concentra despr\u00e9s d\u2019episodis de pluja. Part d\u2019aquest cabal acaba arribant directament a la platja a trav\u00e9s del sistema de sobreeixidors que hi ha al llarg del litoral on l\u2019aigua de pluja es barreja amb les aig\u00fces residuals.<\/p>\n\n\n\n<p>Aquest mateix migdia l\u2019alcalde, Xavier Garcia Albiol, i el director d\u2019Urbanisme de l\u2019Ajuntament de Badalona, Ramon D\u00edaz Cano, han mantingut una reuni\u00f3 de treball amb el director de l\u2019Ag\u00e8ncia Catalana de l\u2019Aigua (ACA). Lluis Ridao, la directora de l\u2019\u00c0rea de Sanejament d\u2019Aig\u00fces Residuals de l\u2019ACA, Isabel Gandullo i el secretari general Departament de Territori i Sostenibilitat de la Generalitat de Catalunya, Ferran Falc\u00f3.<\/p>\n\n\n\n<p>Badalona formar\u00e0 part d\u2019un programa pilot de l\u2019ACA on s\u2019incorporaran les t\u00e8cniques m\u00e9s actuals per millorar el funcionament dels sobreeixidors amb l\u2019objectiu de reduir tant l\u2019abocament d\u2019aig\u00fces residuals com de residus s\u00f2lids flotants.<\/p>\n\n\n\n<p><strong>Actualitzaci\u00f3 del Pla Director del Clavegueram<\/strong><\/p>\n\n\n\n<p>En el mateix sentit, el Departament de Territori i Sostenibilitat, mitjan\u00e7ant l\u2019ACA, col\u00b7laborar\u00e0 amb l\u2019actualitzaci\u00f3 del Pla Director del Clavegueram de la ciutat. En aquest pla l\u2019Ajuntament t\u00e9 previst, entre altres actuacions, la construcci\u00f3 de dip\u00f2sits d\u2019aig\u00fces pluvials que recullin els augments de cabals i evitin la seva arribada directa al mar. La Generalitat finan\u00e7aria una part de la construcci\u00f3 d\u2019aquests dip\u00f2sits.<\/p>\n\n\n\n<p>D\u2019altra banda, tant Ajuntament com Generalitat volen avan\u00e7ar amb l\u2019\u00c0rea Metropolitana de Barcelona en les alternatives a l\u2019actual tra\u00e7at del col\u00b7lector de Llevant que porta les aig\u00fces residuals de Badalona i Montgat cap a la depuradora del Bes\u00f2s.<\/p>\n","protected":false},"excerpt":{"rendered":"<p>Minimitzar o solucionar els episodis de contaminaci\u00f3 a la platja de Badalona despr\u00e9s de fortes pluges \u00e9s l\u2019objectiu que s\u2019ha fixat l\u2019Ajuntament i la Generalitat de Catalunya. Badalona pateix el problema de la incapacitat del sistema del clavegueram d\u2019absorbir tot el volum d\u2019aigua que es concentra despr\u00e9s d\u2019episodis de pluja. Part d\u2019aquest cabal acaba arribant [&hellip;]<\/p>\n","protected":false},"author":2,"featured_media":1364,"comment_status":"open","ping_status":"open","sticky":false,"template":"","format":"standard","meta":{"footnotes":""},"categories":[23],"tags":[],"class_list":{"0":"post-1362","1":"post","2":"type-post","3":"status-publish","4":"format-standard","5":"has-post-thumbnail","7":"category-actualitat"},"_links":{"self":[{"href":"https:\/\/areabadalona.com\/diario\/wp-json\/wp\/v2\/posts\/1362","targetHints":{"allow":["GET"]}}],"collection":[{"href":"https:\/\/areabadalona.com\/diario\/wp-json\/wp\/v2\/posts"}],"about":[{"href":"https:\/\/areabadalona.com\/diario\/wp-json\/wp\/v2\/types\/post"}],"author":[{"embeddable":true,"href":"https:\/\/areabadalona.com\/diario\/wp-json\/wp\/v2\/users\/2"}],"replies":[{"embeddable":true,"href":"https:\/\/areabadalona.com\/diario\/wp-json\/wp\/v2\/comments?post=1362"}],"version-history":[{"count":1,"href":"https:\/\/areabadalona.com\/diario\/wp-json\/wp\/v2\/posts\/1362\/revisions"}],"predecessor-version":[{"id":1365,"href":"https:\/\/areabadalona.com\/diario\/wp-json\/wp\/v2\/posts\/1362\/revisions\/1365"}],"wp:featuredmedia":[{"embeddable":true,"href":"https:\/\/areabadalona.com\/diario\/wp-json\/wp\/v2\/media\/1364"}],"wp:attachment":[{"href":"https:\/\/areabadalona.com\/diario\/wp-json\/wp\/v2\/media?parent=1362"}],"wp:term":[{"taxonomy":"category","embeddable":true,"href":"https:\/\/areabadalona.com\/diario\/wp-json\/wp\/v2\/categories?post=1362"},{"taxonomy":"post_tag","embeddable":true,"href":"https:\/\/areabadalona.com\/diario\/wp-json\/wp\/v2\/tags?post=1362"}],"curies":[{"name":"wp","href":"https:\/\/api.w.org\/{rel}","templated":true}]}}