{"id":1359,"date":"2021-01-15T09:13:04","date_gmt":"2021-01-15T09:13:04","guid":{"rendered":"http:\/\/areabadalona.com\/diario\/?p=1359"},"modified":"2021-01-15T09:13:07","modified_gmt":"2021-01-15T09:13:07","slug":"lalcalde-de-badalona-demana-per-carta-al-conseller-deducacio-que-prioritzi-la-signatura-dels-convenis-per-poder-comencar-la-construccio-de-les-noves-escoles-badalona-port-i-ventos-mir","status":"publish","type":"post","link":"https:\/\/areabadalona.com\/diario\/2021\/01\/15\/lalcalde-de-badalona-demana-per-carta-al-conseller-deducacio-que-prioritzi-la-signatura-dels-convenis-per-poder-comencar-la-construccio-de-les-noves-escoles-badalona-port-i-ventos-mir\/","title":{"rendered":"L&#8217;alcalde de Badalona demana per carta al conseller d&#8217;Educaci\u00f3 que prioritzi la signatura dels convenis per poder comen\u00e7ar la construcci\u00f3 de les noves escoles Badalona Port i Vent\u00f3s Mir"},"content":{"rendered":"\n<p>L&#8217;alcalde Xavier Garcia Albiol ha enviat aquest dijous una carta al conseller d&#8217;Educaci\u00f3, Josep Bargall\u00f3, per demanar-li que prioritzi la signatura dels convenis entre l&#8217;Ajuntament de Badalona i la Generalitat de Catalunya que s\u00f3n necessaris i imprescindibles perqu\u00e8 el consistori badalon\u00ed pugui assumir la construcci\u00f3 de les noves escoles Vent\u00f3s Mir i Badalona Port.<\/p>\n\n\n\n<p>En la missiva, Garcia Albiol recorda al conseller que el Ple de l&#8217;Ajuntament de Badalona va aprovar per unanimitat el passat 29 de desembre el contingut d&#8217;aquests convenis i demana que els tr\u00e0mits s&#8217;agilitzin perqu\u00e8 els dos nous centres educatius puguin ser una realitat tan aviat com sigui possible.<\/p>\n","protected":false},"excerpt":{"rendered":"<p>L&#8217;alcalde Xavier Garcia Albiol ha enviat aquest dijous una carta al conseller d&#8217;Educaci\u00f3, Josep Bargall\u00f3, per demanar-li que prioritzi la signatura dels convenis entre l&#8217;Ajuntament de Badalona i la Generalitat de Catalunya que s\u00f3n necessaris i imprescindibles perqu\u00e8 el consistori badalon\u00ed pugui assumir la construcci\u00f3 de les noves escoles Vent\u00f3s Mir i Badalona Port. En [&hellip;]<\/p>\n","protected":false},"author":2,"featured_media":1360,"comment_status":"open","ping_status":"open","sticky":false,"template":"","format":"standard","meta":{"footnotes":""},"categories":[23],"tags":[],"class_list":{"0":"post-1359","1":"post","2":"type-post","3":"status-publish","4":"format-standard","5":"has-post-thumbnail","7":"category-actualitat"},"_links":{"self":[{"href":"https:\/\/areabadalona.com\/diario\/wp-json\/wp\/v2\/posts\/1359","targetHints":{"allow":["GET"]}}],"collection":[{"href":"https:\/\/areabadalona.com\/diario\/wp-json\/wp\/v2\/posts"}],"about":[{"href":"https:\/\/areabadalona.com\/diario\/wp-json\/wp\/v2\/types\/post"}],"author":[{"embeddable":true,"href":"https:\/\/areabadalona.com\/diario\/wp-json\/wp\/v2\/users\/2"}],"replies":[{"embeddable":true,"href":"https:\/\/areabadalona.com\/diario\/wp-json\/wp\/v2\/comments?post=1359"}],"version-history":[{"count":1,"href":"https:\/\/areabadalona.com\/diario\/wp-json\/wp\/v2\/posts\/1359\/revisions"}],"predecessor-version":[{"id":1361,"href":"https:\/\/areabadalona.com\/diario\/wp-json\/wp\/v2\/posts\/1359\/revisions\/1361"}],"wp:featuredmedia":[{"embeddable":true,"href":"https:\/\/areabadalona.com\/diario\/wp-json\/wp\/v2\/media\/1360"}],"wp:attachment":[{"href":"https:\/\/areabadalona.com\/diario\/wp-json\/wp\/v2\/media?parent=1359"}],"wp:term":[{"taxonomy":"category","embeddable":true,"href":"https:\/\/areabadalona.com\/diario\/wp-json\/wp\/v2\/categories?post=1359"},{"taxonomy":"post_tag","embeddable":true,"href":"https:\/\/areabadalona.com\/diario\/wp-json\/wp\/v2\/tags?post=1359"}],"curies":[{"name":"wp","href":"https:\/\/api.w.org\/{rel}","templated":true}]}}