{"id":1355,"date":"2021-01-14T11:34:00","date_gmt":"2021-01-14T11:34:00","guid":{"rendered":"http:\/\/areabadalona.com\/diario\/?p=1355"},"modified":"2021-01-14T11:34:03","modified_gmt":"2021-01-14T11:34:03","slug":"el-badiu-jove-continua-amb-la-seva-activitat-telematica-mentre-es-reparen-les-canonades-daigua-del-pavello-municipal-dels-paisos-catalans","status":"publish","type":"post","link":"https:\/\/areabadalona.com\/diario\/2021\/01\/14\/el-badiu-jove-continua-amb-la-seva-activitat-telematica-mentre-es-reparen-les-canonades-daigua-del-pavello-municipal-dels-paisos-catalans\/","title":{"rendered":"El Badiu Jove continua amb la seva activitat telem\u00e0tica mentre es reparen les canonades d&#8217;aigua del pavell\u00f3 municipal dels Pa\u00efsos Catalans"},"content":{"rendered":"\n<p>El Badiu Jove continuar\u00e0 oferint la seva activitat telem\u00e0ticament durant les pr\u00f2ximes setmanes mentre s&#8217;executen les tasques de reparaci\u00f3 de les canonades d&#8217;aigua del pavell\u00f3 municipal dels Pa\u00efsos Catalans, l&#8217;edifici on est\u00e0 situat aquest servei de l&#8217;Ajuntament de Badalona. Les persones que necessitin els serveis del Badiu poden fer les seves consultes mitjan\u00e7ant correu electr\u00f2nic a l&#8217;adre\u00e7a <a href=\"mailto:badiujove@badalona.cat\">badiujove@badalona.cat<\/a>. Actualment gran part de l&#8217;activitat del Badiu Jove ja s&#8217;estava desenvolupant en l\u00ednia per tal de mantenir els protocols sanitaris i prevenir els contagis de la Covid-19.<\/p>\n\n\n\n<p>L&#8217;aturada puntual de l&#8217;atenci\u00f3 presencial del servei \u00e9s causada per un problema detectat en les canonades d&#8217;aigua del Pavell\u00f3 Municipal de Pa\u00efsos Catalans. Per solucionar-lo s&#8217;ha de procedir a buidar i tancar el subministrament i realitzar millores en la xarxa d&#8217;abastament. Aquestes tasques afecten directament les instal\u00b7lacions del Badiu Jove, ja que es tracta d&#8217;un annex del pavell\u00f3 i rep el subministrament d&#8217;aigua pels seus serveis i neteja de la mateixa xarxa. Els serveis municipals estan treballant ja per solucionar la incid\u00e8ncia i possibilitar que totes dues instal\u00b7lacions puguin tornar a obrir amb normalitat i continuar donant els serveis esportius i de joventut que acullen presencialment.<\/p>\n","protected":false},"excerpt":{"rendered":"<p>El Badiu Jove continuar\u00e0 oferint la seva activitat telem\u00e0ticament durant les pr\u00f2ximes setmanes mentre s&#8217;executen les tasques de reparaci\u00f3 de les canonades d&#8217;aigua del pavell\u00f3 municipal dels Pa\u00efsos Catalans, l&#8217;edifici on est\u00e0 situat aquest servei de l&#8217;Ajuntament de Badalona. Les persones que necessitin els serveis del Badiu poden fer les seves consultes mitjan\u00e7ant correu electr\u00f2nic [&hellip;]<\/p>\n","protected":false},"author":2,"featured_media":1356,"comment_status":"open","ping_status":"open","sticky":false,"template":"","format":"standard","meta":{"footnotes":""},"categories":[23],"tags":[],"class_list":{"0":"post-1355","1":"post","2":"type-post","3":"status-publish","4":"format-standard","5":"has-post-thumbnail","7":"category-actualitat"},"_links":{"self":[{"href":"https:\/\/areabadalona.com\/diario\/wp-json\/wp\/v2\/posts\/1355","targetHints":{"allow":["GET"]}}],"collection":[{"href":"https:\/\/areabadalona.com\/diario\/wp-json\/wp\/v2\/posts"}],"about":[{"href":"https:\/\/areabadalona.com\/diario\/wp-json\/wp\/v2\/types\/post"}],"author":[{"embeddable":true,"href":"https:\/\/areabadalona.com\/diario\/wp-json\/wp\/v2\/users\/2"}],"replies":[{"embeddable":true,"href":"https:\/\/areabadalona.com\/diario\/wp-json\/wp\/v2\/comments?post=1355"}],"version-history":[{"count":1,"href":"https:\/\/areabadalona.com\/diario\/wp-json\/wp\/v2\/posts\/1355\/revisions"}],"predecessor-version":[{"id":1357,"href":"https:\/\/areabadalona.com\/diario\/wp-json\/wp\/v2\/posts\/1355\/revisions\/1357"}],"wp:featuredmedia":[{"embeddable":true,"href":"https:\/\/areabadalona.com\/diario\/wp-json\/wp\/v2\/media\/1356"}],"wp:attachment":[{"href":"https:\/\/areabadalona.com\/diario\/wp-json\/wp\/v2\/media?parent=1355"}],"wp:term":[{"taxonomy":"category","embeddable":true,"href":"https:\/\/areabadalona.com\/diario\/wp-json\/wp\/v2\/categories?post=1355"},{"taxonomy":"post_tag","embeddable":true,"href":"https:\/\/areabadalona.com\/diario\/wp-json\/wp\/v2\/tags?post=1355"}],"curies":[{"name":"wp","href":"https:\/\/api.w.org\/{rel}","templated":true}]}}