{"id":1191,"date":"2020-12-16T16:16:43","date_gmt":"2020-12-16T16:16:43","guid":{"rendered":"http:\/\/areabadalona.com\/diario\/?p=1191"},"modified":"2020-12-17T09:17:50","modified_gmt":"2020-12-17T09:17:50","slug":"lajuntament-de-badalona-ofereix-informacio-a-la-ciutadania-afectada-pel-tancament-de-les-cliniques-dentix","status":"publish","type":"post","link":"https:\/\/areabadalona.com\/diario\/2020\/12\/16\/lajuntament-de-badalona-ofereix-informacio-a-la-ciutadania-afectada-pel-tancament-de-les-cliniques-dentix\/","title":{"rendered":"L\u2019Ajuntament de Badalona ofereix informaci\u00f3 a la ciutadania afectada pel tancament de les cl\u00edniques DENTIX"},"content":{"rendered":"\n<p>L\u2019Ajuntament de Badalona ha posat en marxa un servei d\u2019informaci\u00f3 per garantir que els afectats pel tancament de la cl\u00ednica de serveis bucodentals DENTIX coneguin els mecanismes que tenen al l\u2019abast per intentar recuperar els imports abonats corresponents a serveis no prestats. Per tal de facilitar el retorn dels diners, el Departament de Consum est\u00e0 portant a terme una tasca d\u2019informaci\u00f3 personalitzada a tots els ciutadans que demanen informaci\u00f3 sobre la situaci\u00f3 i el concurs de creditors en qu\u00e8 es troba l\u2019empresa.<\/p>\n\n\n\n<p>A m\u00e9s, amb l\u2019objectiu d\u2019arribar a tots els afectats, es vol recordar que les persones afectades pel tancament d\u2019aquestes cl\u00edniques que van pagar el seu tractament en efectiu, amb targeta de cr\u00e8dit o d\u00e8bit o mitjan\u00e7ant un cr\u00e8dit personal \u2013\u00e9s a dir, no finan\u00e7at per una entitat financera de DENTIX\u2013, han de comunicar la seva reclamaci\u00f3 a l&#8217;administraci\u00f3 concursal per intentar recuperar els diners pagats per un servei que no s\u2019ha prestat. Per aquest tr\u00e0mit no cal advocat ni procurador.<\/p>\n\n\n\n<p>Les persones afectades poder presentar la seva reclamaci\u00f3 fins al 3 de gener de 2021 per via electr\u00f2nica a l\u2019adre\u00e7a <a href=\"mailto:dentix.concursal@iusaequitas.net\">dentix.concursal@iusaequitas.net<\/a> o b\u00e9 per correu ordinari a nom <em>Account Control &amp; Ius Aequitas Administradores Concursales <\/em>a l\u2019adre\u00e7a avinguda Alberto Alcocer 24, 4a planta, 28036 (Madrid). Tamb\u00e9 es pot contactar amb l\u2019empresa trucant al tel\u00e8fon 91 591 42 91 o enviant un fax al 91 446 53 21.<\/p>\n\n\n\n<p>En les reclamacions s\u2019ha de fer constar les dades d&#8217;identificaci\u00f3 del concurs (concurs ordinari 1305\/2020, amb n\u00famero d\u2019identificaci\u00f3 general de procediment 28.079.00.2-2020\/00133464. Interlocut\u00f2ria de data 20\/11\/2020) acompanyat del n\u00famero de DNI, nom i cognoms, domicili, tel\u00e8fon i adre\u00e7a electr\u00f2nica, aix\u00ed com les dades del deute amb c\u00f2pia dels pagaments fets a DENTIX i de tota la documentaci\u00f3 de qu\u00e8 disposeu (historial m\u00e8dic, reclamacions fetes, etc.). Les resolucions del concurs es publicaran en el web del Registre P\u00fablic Concursal.<\/p>\n\n\n\n<p>Les persones afectades han de saber que davant la publicaci\u00f3 del concurs de creditors, des dels organismes p\u00fablics de consum ja no es pot actuar amb l&#8217;empresa DENTIX per a resoldre les reclamacions de les persones afectades. Per tant, encara que s\u2019hagi presentat una reclamaci\u00f3 en algun servei p\u00fablic de consum, cal adre\u00e7ar-se a l\u2019administraci\u00f3 concursal.<\/p>\n\n\n\n<p>Els afectats que tinguin un contracte de cr\u00e8dit vinculat amb una financera proposada per DENTIX, exclusivament pel finan\u00e7ament del tractament dental, han de sol\u00b7licitar la paralitzaci\u00f3 del cobrament de les quotes i la devoluci\u00f3 dels imports abonats corresponents a serveis no prestats sempre que s\u2019hagi demanat pr\u00e8viament a DENTIX. El procediment \u00e9s l\u2019habitual, establert per totes les reclamacions contra serveis d&#8217;atenci\u00f3 de les entitats financeres informats a la <a href=\"https:\/\/www.bde.es\/bde\/es\/secciones\/servicios\/Particulares_y_e\/Servicio_de_Ate\/Servicios_de_At_6d9079a9970c631.html\">web del Banc d\u2019Espanya<\/a>.<\/p>\n\n\n\n<p>Per ampliar aquesta informaci\u00f3 o demanar assessorament en qualsevol altre tema de consum, es pot sol\u00b7licitar cita pr\u00e8via per aquest servei a trav\u00e9s del web de l\u2019Ajuntament o b\u00e9 trucant al tel\u00e8fon 93 483 27 44 on donaran la informaci\u00f3 i la cita corresponent.<\/p>\n","protected":false},"excerpt":{"rendered":"<p>L\u2019Ajuntament de Badalona ha posat en marxa un servei d\u2019informaci\u00f3 per garantir que els afectats pel tancament de la cl\u00ednica de serveis bucodentals DENTIX coneguin els mecanismes que tenen al l\u2019abast per intentar recuperar els imports abonats corresponents a serveis no prestats. Per tal de facilitar el retorn dels diners, el Departament de Consum est\u00e0 [&hellip;]<\/p>\n","protected":false},"author":2,"featured_media":1192,"comment_status":"open","ping_status":"open","sticky":false,"template":"","format":"standard","meta":{"footnotes":""},"categories":[23],"tags":[],"class_list":{"0":"post-1191","1":"post","2":"type-post","3":"status-publish","4":"format-standard","5":"has-post-thumbnail","7":"category-actualitat"},"_links":{"self":[{"href":"https:\/\/areabadalona.com\/diario\/wp-json\/wp\/v2\/posts\/1191","targetHints":{"allow":["GET"]}}],"collection":[{"href":"https:\/\/areabadalona.com\/diario\/wp-json\/wp\/v2\/posts"}],"about":[{"href":"https:\/\/areabadalona.com\/diario\/wp-json\/wp\/v2\/types\/post"}],"author":[{"embeddable":true,"href":"https:\/\/areabadalona.com\/diario\/wp-json\/wp\/v2\/users\/2"}],"replies":[{"embeddable":true,"href":"https:\/\/areabadalona.com\/diario\/wp-json\/wp\/v2\/comments?post=1191"}],"version-history":[{"count":1,"href":"https:\/\/areabadalona.com\/diario\/wp-json\/wp\/v2\/posts\/1191\/revisions"}],"predecessor-version":[{"id":1193,"href":"https:\/\/areabadalona.com\/diario\/wp-json\/wp\/v2\/posts\/1191\/revisions\/1193"}],"wp:featuredmedia":[{"embeddable":true,"href":"https:\/\/areabadalona.com\/diario\/wp-json\/wp\/v2\/media\/1192"}],"wp:attachment":[{"href":"https:\/\/areabadalona.com\/diario\/wp-json\/wp\/v2\/media?parent=1191"}],"wp:term":[{"taxonomy":"category","embeddable":true,"href":"https:\/\/areabadalona.com\/diario\/wp-json\/wp\/v2\/categories?post=1191"},{"taxonomy":"post_tag","embeddable":true,"href":"https:\/\/areabadalona.com\/diario\/wp-json\/wp\/v2\/tags?post=1191"}],"curies":[{"name":"wp","href":"https:\/\/api.w.org\/{rel}","templated":true}]}}