{"id":10997,"date":"2026-09-02T21:04:00","date_gmt":"2026-09-02T21:04:00","guid":{"rendered":"https:\/\/areabadalona.com\/diario\/?p=10997"},"modified":"2026-09-03T10:05:31","modified_gmt":"2026-09-03T10:05:31","slug":"la-placa-de-la-vila-de-badalona-somple-de-gom-a-gom-per-mostrar-el-suport-i-solidaritat-amb-la-ciutat-de-ceuta","status":"publish","type":"post","link":"https:\/\/areabadalona.com\/diario\/2026\/09\/02\/la-placa-de-la-vila-de-badalona-somple-de-gom-a-gom-per-mostrar-el-suport-i-solidaritat-amb-la-ciutat-de-ceuta\/","title":{"rendered":"La pla\u00e7a de la Vila de Badalona s\u2019omple de gom a gom per mostrar el suport i solidaritat amb la ciutat de Ceuta"},"content":{"rendered":"\n<p class=\"wp-block-paragraph\">La pla\u00e7a de la Vila de Badalona i els carrers adjacents s\u2019han omplert aquest vespre de ciutadans i ciutadanes que han volgut expressar el seu suport i solidaritat amb la ciutat de Ceuta. La concentraci\u00f3 ha estat convocada per l\u2019Ajuntament de Badalona seguint la crida feta per la Federaci\u00f3 Espanyola de Municipis i Prov\u00edncies (FEMP) als municipis espanyols coincidint aquest 2 de setembre amb el Dia de la Ciutat Aut\u00f2noma de Ceuta.<\/p>\n\n\n\n<p class=\"wp-block-paragraph\">A continuaci\u00f3 reprodu\u00efm el text del manifest que l\u2019alcalde de Badalona, Xavier Garcia Albiol, ha llegit durant la concentraci\u00f3:<\/p>\n\n\n\n<p class=\"wp-block-paragraph\"><em>Bona tarda a tothom.<\/em><\/p>\n\n\n\n<p class=\"wp-block-paragraph\"><em>Gr\u00e0cies per ser avui aqu\u00ed, a la pla\u00e7a de la Vila de Badalona.<\/em><\/p>\n\n\n\n<p class=\"wp-block-paragraph\"><em>Abans de comen\u00e7ar, vull explicar-vos que llegir\u00e9 aquest manifest en castell\u00e0 perqu\u00e8 volem fer arribar a les autoritats de Ceuta i, molt especialment, als seus ve\u00efns i ve\u00efnes, el v\u00eddeo d\u2019aquest acte i el missatge que avui els enviem des de Badalona. Volem que sentin directament les nostres paraules, el nostre afecte i, sobretot, el nostre suport.<\/em><\/p>\n\n\n\n<p class=\"wp-block-paragraph\"><em>Amigos, amigas, vecinos y vecinas de Badalona: y especialmente a los 144 vecinos de nuestra ciudad que hab\u00e9is nacido en Ceuta.<\/em><\/p>\n\n\n\n<p class=\"wp-block-paragraph\"><em>Hoy nos hemos reunido aqu\u00ed, ante nuestro Ayuntamiento, para mirar simb\u00f3licamente hacia Ceuta y enviar desde Badalona un mensaje de cercan\u00eda, de afecto y tambi\u00e9n de firmeza.<\/em><\/p>\n\n\n\n<p class=\"wp-block-paragraph\"><em>Nos separan m\u00e1s de mil kil\u00f3metros, pero hoy queremos que esa distancia desaparezca. Queremos que nuestro mensaje llegue a las calles, a los barrios y a los hogares de Ceuta. Y queremos decirles algo muy sencillo:<\/em><\/p>\n\n\n\n<p class=\"wp-block-paragraph\"><em>Ceuta, no est\u00e1is solos. Badalona est\u00e1 con vosotros.<\/em><\/p>\n\n\n\n<p class=\"wp-block-paragraph\"><em>Hoy no nos convoca una cuesti\u00f3n de partidos.<\/em><\/p>\n\n\n\n<p class=\"wp-block-paragraph\"><em>No estamos aqu\u00ed por unas siglas ni por una disputa ideol\u00f3gica.<\/em><\/p>\n\n\n\n<p class=\"wp-block-paragraph\"><em>Estamos aqu\u00ed por algo mucho m\u00e1s importante: por solidaridad, por compromiso y porque cuando los vecinos de cualquier ciudad espa\u00f1ola atraviesan momentos de preocupaci\u00f3n o incertidumbre, los dem\u00e1s no podemos permanecer indiferentes.<\/em><\/p>\n\n\n\n<p class=\"wp-block-paragraph\"><em>Hoy estamos aqu\u00ed, sobre todo, por los vecinos y vecinas de Ceuta. Por sus familias. Por quienes trabajan cada d\u00eda, levantan sus comercios, educan a sus hijos y quieren vivir exactamente como queremos vivir los vecinos de Badalona: con tranquilidad, con seguridad y con confianza en el ma\u00f1ana. Y a todos ellos queremos decirles hoy, desde esta plaza, que cuentan con nosotros.<\/em><\/p>\n\n\n\n<p class=\"wp-block-paragraph\"><em>Ceuta es una ciudad extraordinaria. Una ciudad espa\u00f1ola, europea y mediterr\u00e1nea. Una ciudad diversa y abierta, en la que conviven culturas, tradiciones y creencias diferentes. Pero, por encima de cualquier otra consideraci\u00f3n, Ceuta es el hogar de miles de personas.<\/em><\/p>\n\n\n\n<p class=\"wp-block-paragraph\"><em>Personas que tienen derecho a vivir con tranquilidad. Que tienen derecho a sentirse seguras. Y que tienen derecho a saber que, cuando llegan momentos dif\u00edciles, el resto de Espa\u00f1a est\u00e1 a su lado. Porque la distancia geogr\u00e1fica no puede convertirse nunca en distancia emocional.<\/em><\/p>\n\n\n\n<p class=\"wp-block-paragraph\"><em>Lo que le ocurre a Ceuta nos importa. Lo que preocupa a Ceuta nos preocupa. Y cuando Ceuta necesita sentirse acompa\u00f1ada, Badalona quiere estar a su lado.<\/em><\/p>\n\n\n\n<p class=\"wp-block-paragraph\"><em>Ceuta no es una ciudad lejana. Ceuta forma parte de nuestro pa\u00eds, de nuestra historia compartida y de nuestro futuro com\u00fan. Y precisamente por eso creemos que ninguna ciudad espa\u00f1ola que, por su situaci\u00f3n geogr\u00e1fica y estrat\u00e9gica, afronta especiales dificultades, puede sentirse desatendida.<\/em><\/p>\n\n\n\n<p class=\"wp-block-paragraph\"><em>Los ciudadanos tienen derecho a saber que las instituciones responden cuando las necesitan. Tienen derecho a sentir que su pa\u00eds vela por ellos. Y tienen derecho a comprobar que, ante cualquier situaci\u00f3n que pueda afectar a su seguridad, a su estabilidad o a su futuro, existe una respuesta firme, serena y responsable.<\/em><\/p>\n\n\n\n<p class=\"wp-block-paragraph\"><em>Y esa responsabilidad corresponde a todos. A los ayuntamientos. A las comunidades aut\u00f3nomas. Y, muy especialmente, al Gobierno de Espa\u00f1a.<\/em><\/p>\n\n\n\n<p class=\"wp-block-paragraph\"><em>Porque gobernar significa gestionar los problemas cuando aparecen, pero tambi\u00e9n significa algo mucho m\u00e1s importante: anticiparse a ellos. Significa escuchar las advertencias antes de que se conviertan en crisis. Significa ejercer las responsabilidades cuando corresponde y no solamente cuando las circunstancias obligan.<\/em><\/p>\n\n\n\n<p class=\"wp-block-paragraph\"><em>Porque un dirigente pol\u00edtico se puede equivocar, todos nos equivocamos cada d\u00eda, pero lo que no puede hacer es administrar la verdad en funci\u00f3n de sus intereses personales. Cuando lo que se est\u00e1 poniendo en cuesti\u00f3n es la integridad territorial y la soberan\u00eda de Espa\u00f1a, eso ni se negocia ni se condiciona.<\/em><\/p>\n\n\n\n<p class=\"wp-block-paragraph\"><em>Gobernar significa comprender que hay cuestiones en las que la pasividad, la ambig\u00fcedad o simplemente dejar pasar el tiempo nunca pueden ser una respuesta suficiente.<\/em><\/p>\n\n\n\n<p class=\"wp-block-paragraph\"><em>No queremos hacer de esta concentraci\u00f3n un acto partidista. No lo es. Pero precisamente desde nuestra posici\u00f3n institucional y desde la lealtad que debe existir entre administraciones, tenemos tambi\u00e9n la obligaci\u00f3n de decir aquello que creemos que debe decirse.<\/em><\/p>\n\n\n\n<p class=\"wp-block-paragraph\"><em>Y hoy debemos reclamar que&nbsp;Ceuta reciba toda la atenci\u00f3n, todas las garant\u00edas y todo el respaldo que merece por parte del Estado. No ma\u00f1ana. No cuando llegue una nueva situaci\u00f3n de dificultad. Ahora.<\/em><\/p>\n\n\n\n<p class=\"wp-block-paragraph\"><em>Porque la defensa de Ceuta y la tranquilidad de sus ciudadanos no deber\u00edan depender jam\u00e1s de qui\u00e9n gobierne en Madrid ni del color pol\u00edtico de cada administraci\u00f3n. Es una cuesti\u00f3n de Estado. Y las cuestiones de Estado requieren altura de miras, responsabilidad y determinaci\u00f3n.<\/em><\/p>\n\n\n\n<p class=\"wp-block-paragraph\"><em>Espa\u00f1a debe mantener buenas relaciones con todos sus vecinos. Por supuesto. El di\u00e1logo, la cooperaci\u00f3n y el entendimiento son siempre preferibles al enfrentamiento. Pero las buenas relaciones solo pueden ser verdaderamente s\u00f3lidas cuando se construyen desde el respeto mutuo. Y el respeto exige tambi\u00e9n claridad.<\/em><\/p>\n\n\n\n<p class=\"wp-block-paragraph\"><em>Espa\u00f1a es un pa\u00eds que dialoga. Que coopera. Que tiende la mano. Y as\u00ed debe seguir siendo. Pero debe ser tambi\u00e9n un pa\u00eds capaz de defender con serenidad sus intereses, sus fronteras, sus ciudades y, por encima de todo, a su gente. Sin estridencias. Sin provocaciones. Pero tambi\u00e9n&nbsp;sin complejos y sin titubeos.<\/em><\/p>\n\n\n\n<p class=\"wp-block-paragraph\"><em>Porque cuando hablamos de Ceuta no estamos hablando \u00fanicamente de fronteras, de diplomacia o de decisiones pol\u00edticas. Estamos hablando de personas.<\/em><\/p>\n\n\n\n<p class=\"wp-block-paragraph\"><em>Detr\u00e1s de cada noticia que escuchamos sobre Ceuta hay familias. Hay comerciantes que quieren levantar cada ma\u00f1ana la persiana de sus negocios con normalidad. Hay trabajadores que quieren desarrollar su vida con estabilidad. Hay j\u00f3venes que quieren estudiar, trabajar y construir su proyecto de vida en su ciudad. Hay padres y madres que quieren que sus hijos crezcan tranquilos. Y hay personas mayores que han vivido toda su vida all\u00ed y que merecen sentir que Espa\u00f1a est\u00e1 con ellos.<\/em><\/p>\n\n\n\n<p class=\"wp-block-paragraph\"><em>A todos ellos queremos dirigirnos hoy desde Badalona. Queremos deciros que os vemos. Que os escuchamos. Que entendemos vuestra inquietud. Y, sobre todo, que no est\u00e1is solos.<\/em><\/p>\n\n\n\n<p class=\"wp-block-paragraph\"><em>Amigos de Ceuta, no sois ciudadanos de una periferia olvidada. Sois ciudadanos espa\u00f1oles con exactamente los mismos derechos, la misma dignidad y el mismo derecho a sentirse respaldados que cualquier vecino de Badalona, Barcelona, Sevilla, Madrid o cualquier otro municipio de Espa\u00f1a.<\/em><\/p>\n\n\n\n<p class=\"wp-block-paragraph\"><em>Hoy Badalona levanta la voz por vosotros. Y lo hacemos desde una ciudad que tambi\u00e9n sabe lo que significa afrontar dificultades. Una ciudad acostumbrada a luchar. A superar obst\u00e1culos. Y a defender aquello que considera justo. Badalona es una ciudad mediterr\u00e1nea. Ceuta tambi\u00e9n lo es. Nos separan kil\u00f3metros, pero compartimos un mismo mar y, sobre todo, compartimos un mismo pa\u00eds.<\/em><\/p>\n\n\n\n<p class=\"wp-block-paragraph\"><em>Por eso hoy queremos construir simb\u00f3licamente un puente entre nuestras dos ciudades. Un puente de solidaridad. Un puente de afecto. Y tambi\u00e9n un puente de firmeza. Porque apoyar a Ceuta significa estar al lado de sus vecinos. Pero significa tambi\u00e9n exigir que quienes tienen la responsabilidad de velar por ellos est\u00e9n a la altura.<\/em><\/p>\n\n\n\n<p class=\"wp-block-paragraph\"><em>No pedimos enfrentamientos. No pedimos discursos grandilocuentes. Pedimos algo mucho m\u00e1s sencillo: responsabilidad, presencia y determinaci\u00f3n.<\/em><\/p>\n\n\n\n<p class=\"wp-block-paragraph\"><em>Que nadie confunda prudencia con indiferencia. Que nadie confunda di\u00e1logo con debilidad. Y que nadie crea que los problemas desaparecen simplemente porque dejamos de hablar de ellos. Los problemas se resuelven afront\u00e1ndolos. Y las instituciones se ganan la confianza de la gente cuando esta sabe que, en los momentos dif\u00edciles, puede contar con ellas.<\/em><\/p>\n\n\n\n<p class=\"wp-block-paragraph\"><em>Hoy queremos que desde Ceuta se pueda mirar hacia Badalona y saber que aqu\u00ed, en esta plaza, hay una ciudad pensando en ellos. Personas que quiz\u00e1 nunca han estado en Ceuta. Que quiz\u00e1 no conocen personalmente a ninguno de sus vecinos. Pero que saben que para sentirnos cerca no necesitamos conocernos personalmente. Nos basta con saber que cuando una parte de nuestro pa\u00eds necesita apoyo, los dem\u00e1s debemos estar ah\u00ed.<\/em><\/p>\n\n\n\n<p class=\"wp-block-paragraph\"><em>Hoy estamos aqu\u00ed porque creemos en un pa\u00eds que no abandona a ninguna de sus ciudades. Un pa\u00eds que no establece espa\u00f1oles de primera y espa\u00f1oles de segunda dependiendo del lugar en el que viven. Un pa\u00eds que sabe que su fortaleza comienza precisamente en la unidad y en el compromiso entre sus ciudadanos.<\/em><\/p>\n\n\n\n<p class=\"wp-block-paragraph\"><em>Y por eso quiero terminar dirigi\u00e9ndome directamente a los vecinos y vecinas de Ceuta. Desde Badalona queremos enviaros nuestro afecto. Nuestra cercan\u00eda. Nuestro respeto. Y nuestro apoyo. Queremos que sep\u00e1is que no est\u00e1is solos. Que aqu\u00ed, a m\u00e1s de mil kil\u00f3metros de distancia, hay una ciudad que hoy se ha reunido para deciros que comparte vuestras inquietudes y que desea para vosotros exactamente lo mismo que deseamos para nuestras propias familias:<\/em><\/p>\n\n\n\n<p class=\"wp-block-paragraph\"><em>Seguridad. Tranquilidad. Prosperidad. Y futuro. Y tambi\u00e9n queremos trasladar un mensaje a quienes tienen responsabilidades p\u00fablicas:<\/em><\/p>\n\n\n\n<p class=\"wp-block-paragraph\"><em>Cuidar Ceuta es cuidar Espa\u00f1a. Respaldar a sus ciudadanos es respaldar a todos los espa\u00f1oles. Y defender su futuro es defender nuestro futuro com\u00fan.<\/em><\/p>\n\n\n\n<p class=\"wp-block-paragraph\"><em>Desde Badalona seguiremos defendiendo siempre la solidaridad entre nuestras ciudades y el derecho de todos los ciudadanos a sentirse respaldados y atendidos por su pa\u00eds.<\/em><\/p>\n\n\n\n<p class=\"wp-block-paragraph\"><em>Hoy nuestra voz sale de esta plaza. Pero queremos que atraviese el Mediterr\u00e1neo. Que llegue a cada barrio. A cada calle. A cada hogar de Ceuta. Y que all\u00ed se escuche con toda claridad:<\/em><\/p>\n\n\n\n<p class=\"wp-block-paragraph\"><em>Ceuta, Badalona est\u00e1 contigo. Ceut\u00edes, no est\u00e1is solos. Y mientras necesit\u00e9is nuestro apoyo, nuestra solidaridad y nuestra voz, aqu\u00ed la tendr\u00e9is.<\/em><\/p>\n\n\n\n<p class=\"wp-block-paragraph\"><em>Muchas gracias a todos por acompa\u00f1arnos.<\/em><\/p>\n\n\n\n<p class=\"wp-block-paragraph\"><em>\u00a1Viva Ceuta! \u00a1Viva Badalona!<\/em><\/p>\n\n\n\n<p class=\"wp-block-paragraph\">La concentraci\u00f3 ha concl\u00f2s amb l\u2019himne de Ceuta, que ha sonat en senyal de solidaritat i suport als seus ciutadans.<\/p>\n","protected":false},"excerpt":{"rendered":"<p>La pla\u00e7a de la Vila de Badalona i els carrers adjacents s\u2019han omplert aquest vespre de ciutadans i ciutadanes que han volgut expressar el seu suport i solidaritat amb la ciutat de Ceuta. La concentraci\u00f3 ha estat convocada per l\u2019Ajuntament de Badalona seguint la crida feta per la Federaci\u00f3 Espanyola de Municipis i Prov\u00edncies (FEMP) [&hellip;]<\/p>\n","protected":false},"author":2,"featured_media":10998,"comment_status":"closed","ping_status":"open","sticky":false,"template":"","format":"standard","meta":{"footnotes":""},"categories":[23],"tags":[],"class_list":["post-10997","post","type-post","status-publish","format-standard","has-post-thumbnail","category-actualitat"],"_links":{"self":[{"href":"https:\/\/areabadalona.com\/diario\/wp-json\/wp\/v2\/posts\/10997","targetHints":{"allow":["GET"]}}],"collection":[{"href":"https:\/\/areabadalona.com\/diario\/wp-json\/wp\/v2\/posts"}],"about":[{"href":"https:\/\/areabadalona.com\/diario\/wp-json\/wp\/v2\/types\/post"}],"author":[{"embeddable":true,"href":"https:\/\/areabadalona.com\/diario\/wp-json\/wp\/v2\/users\/2"}],"replies":[{"embeddable":true,"href":"https:\/\/areabadalona.com\/diario\/wp-json\/wp\/v2\/comments?post=10997"}],"version-history":[{"count":1,"href":"https:\/\/areabadalona.com\/diario\/wp-json\/wp\/v2\/posts\/10997\/revisions"}],"predecessor-version":[{"id":10999,"href":"https:\/\/areabadalona.com\/diario\/wp-json\/wp\/v2\/posts\/10997\/revisions\/10999"}],"wp:featuredmedia":[{"embeddable":true,"href":"https:\/\/areabadalona.com\/diario\/wp-json\/wp\/v2\/media\/10998"}],"wp:attachment":[{"href":"https:\/\/areabadalona.com\/diario\/wp-json\/wp\/v2\/media?parent=10997"}],"wp:term":[{"taxonomy":"category","embeddable":true,"href":"https:\/\/areabadalona.com\/diario\/wp-json\/wp\/v2\/categories?post=10997"},{"taxonomy":"post_tag","embeddable":true,"href":"https:\/\/areabadalona.com\/diario\/wp-json\/wp\/v2\/tags?post=10997"}],"curies":[{"name":"wp","href":"https:\/\/api.w.org\/{rel}","templated":true}]}}