{"id":10994,"date":"2026-09-01T10:37:21","date_gmt":"2026-09-01T10:37:21","guid":{"rendered":"https:\/\/areabadalona.com\/diario\/?p=10994"},"modified":"2026-09-02T10:38:05","modified_gmt":"2026-09-02T10:38:05","slug":"badalona-se-suma-dema-a-les-concentracions-en-suport-a-ceuta-convocades-per-la-federacio-espanyola-de-municipis-i-provincies","status":"publish","type":"post","link":"https:\/\/areabadalona.com\/diario\/2026\/09\/01\/badalona-se-suma-dema-a-les-concentracions-en-suport-a-ceuta-convocades-per-la-federacio-espanyola-de-municipis-i-provincies\/","title":{"rendered":"Badalona se suma dem\u00e0 a les concentracions en suport a Ceuta convocades per la Federaci\u00f3 Espanyola de Municipis i Prov\u00edncies"},"content":{"rendered":"\n<p class=\"wp-block-paragraph\">L\u2019Ajuntament de Badalona se sumar\u00e0 <strong>dem\u00e0 dimecres, 2 de setembre<\/strong>, a les concentracions convocades per la Federaci\u00f3 Espanyola de Municipis i Prov\u00edncies (FEMP) en suport a Ceuta i a la seva ciutadania.<\/p>\n\n\n\n<p class=\"wp-block-paragraph\">A Badalona, <strong>la concentraci\u00f3 tindr\u00e0 lloc<\/strong><strong>a les 20 hores a la pla\u00e7a de la Vila<\/strong> i comptar\u00e0 amb la participaci\u00f3 de l\u2019alcalde de Badalona, Xavier Garcia Albiol. L\u2019acte tindr\u00e0 car\u00e0cter institucional i estar\u00e0 obert a la participaci\u00f3 de la ciutadania.<\/p>\n\n\n\n<p class=\"wp-block-paragraph\">La iniciativa, convocada de manera simult\u00e0nia als ajuntaments de tot Espanya coincidint amb la celebraci\u00f3 del Dia de Ceuta, t\u00e9 com a objectiu traslladar un missatge conjunt de suport, solidaritat i unitat amb la Ciutat Aut\u00f2noma i els seus ciutadans davant la situaci\u00f3 que viuen des dels fets esdevinguts els dies 30 i 31 de juliol.<\/p>\n","protected":false},"excerpt":{"rendered":"<p>L\u2019Ajuntament de Badalona se sumar\u00e0 dem\u00e0 dimecres, 2 de setembre, a les concentracions convocades per la Federaci\u00f3 Espanyola de Municipis i Prov\u00edncies (FEMP) en suport a Ceuta i a la seva ciutadania. A Badalona, la concentraci\u00f3 tindr\u00e0 lloca les 20 hores a la pla\u00e7a de la Vila i comptar\u00e0 amb la participaci\u00f3 de l\u2019alcalde de [&hellip;]<\/p>\n","protected":false},"author":2,"featured_media":10995,"comment_status":"closed","ping_status":"open","sticky":false,"template":"","format":"standard","meta":{"footnotes":""},"categories":[23],"tags":[],"class_list":["post-10994","post","type-post","status-publish","format-standard","has-post-thumbnail","category-actualitat"],"_links":{"self":[{"href":"https:\/\/areabadalona.com\/diario\/wp-json\/wp\/v2\/posts\/10994","targetHints":{"allow":["GET"]}}],"collection":[{"href":"https:\/\/areabadalona.com\/diario\/wp-json\/wp\/v2\/posts"}],"about":[{"href":"https:\/\/areabadalona.com\/diario\/wp-json\/wp\/v2\/types\/post"}],"author":[{"embeddable":true,"href":"https:\/\/areabadalona.com\/diario\/wp-json\/wp\/v2\/users\/2"}],"replies":[{"embeddable":true,"href":"https:\/\/areabadalona.com\/diario\/wp-json\/wp\/v2\/comments?post=10994"}],"version-history":[{"count":1,"href":"https:\/\/areabadalona.com\/diario\/wp-json\/wp\/v2\/posts\/10994\/revisions"}],"predecessor-version":[{"id":10996,"href":"https:\/\/areabadalona.com\/diario\/wp-json\/wp\/v2\/posts\/10994\/revisions\/10996"}],"wp:featuredmedia":[{"embeddable":true,"href":"https:\/\/areabadalona.com\/diario\/wp-json\/wp\/v2\/media\/10995"}],"wp:attachment":[{"href":"https:\/\/areabadalona.com\/diario\/wp-json\/wp\/v2\/media?parent=10994"}],"wp:term":[{"taxonomy":"category","embeddable":true,"href":"https:\/\/areabadalona.com\/diario\/wp-json\/wp\/v2\/categories?post=10994"},{"taxonomy":"post_tag","embeddable":true,"href":"https:\/\/areabadalona.com\/diario\/wp-json\/wp\/v2\/tags?post=10994"}],"curies":[{"name":"wp","href":"https:\/\/api.w.org\/{rel}","templated":true}]}}