{"id":10991,"date":"2026-09-01T11:42:06","date_gmt":"2026-09-01T11:42:06","guid":{"rendered":"https:\/\/areabadalona.com\/diario\/?p=10991"},"modified":"2026-09-01T11:42:08","modified_gmt":"2026-09-01T11:42:08","slug":"lajuntament-de-badalona-adjudica-la-construccio-de-la-nova-escola-bressol-municipal-bugui-bugui-la-primera-que-es-construeix-a-badalona-des-del-2013","status":"publish","type":"post","link":"https:\/\/areabadalona.com\/diario\/2026\/09\/01\/lajuntament-de-badalona-adjudica-la-construccio-de-la-nova-escola-bressol-municipal-bugui-bugui-la-primera-que-es-construeix-a-badalona-des-del-2013\/","title":{"rendered":"L\u2019Ajuntament de Badalona adjudica la construcci\u00f3 de la nova escola bressol municipal Bugui Bugui, la primera que es construeix a Badalona des del 2013"},"content":{"rendered":"\n<p class=\"wp-block-paragraph\">L\u2019Ajuntament de Badalona ha adjudicat les obres de construcci\u00f3 de la nova escola bressol municipal Bugui Bugui, la sisena llar d\u2019infants p\u00fablica de la ciutat, que estar\u00e0 situada al carrer de la Ci\u00e8ncia, al barri de Montigal\u00e0. La construcci\u00f3 de la nova escola bressol compta amb una inversi\u00f3 municipal de 3.184.452,17 euros (IVA incl\u00f2s) i les obres tenen una durada prevista de 12 mesos.<\/p>\n\n\n\n<p class=\"wp-block-paragraph\">La nova llar d\u2019infants municipal \u00e9s la primera que es construeix a la ciutat des de l\u2019any 2013 i ampliar\u00e0 l\u2019oferta p\u00fablica de places de primer cicle d\u2019educaci\u00f3 infantil amb un total de 107 places per a infants de 0 a 3 anys.<\/p>\n\n\n\n<p class=\"wp-block-paragraph\">L\u2019alcalde de Badalona, Xavier Garcia Albiol, apunta que \u201camb la construcci\u00f3 de la nova llar d\u2019infants Bugui Bugui es fa realitat un projecte molt necessari per a Badalona\u201d. \u201cFeia molts anys que a la ciutat no es constru\u00efa una nova escola bressol. L\u2019\u00faltima es va posar en marxa l\u2019any 2013, durant la meva primera etapa com a alcalde, i ara recuperem l\u2019impuls per donar resposta a una necessitat de moltes fam\u00edlies. \u00c9s un comprom\u00eds que vam assumir i que ara fem realitat\u201d, assegura.<\/p>\n\n\n\n<p class=\"wp-block-paragraph\"><strong>Efici\u00e8ncia energ\u00e8tica i construcci\u00f3 amb fusta<\/strong><\/p>\n\n\n\n<p class=\"wp-block-paragraph\">La nova escola bressol municipal es construir\u00e0 en un edifici de planta \u00fanica de m\u00e9s de 1.000 metres quadrats, integrat amb l\u2019entorn del parc de Montigal\u00e0 i concebut amb criteris de sostenibilitat i efici\u00e8ncia energ\u00e8tica. L\u2019edifici tindr\u00e0 la fusta com a principal element constructiu, fet que el convertir\u00e0 en el primer equipament p\u00fablic de la ciutat edificat majorit\u00e0riament amb aquest material.<\/p>\n\n\n\n<p class=\"wp-block-paragraph\">El projecte preveu set aules i diferents espais comuns i pedag\u00f2gics, amb una especial connexi\u00f3 entre els espais interiors i exteriors. Totes les aules tindran sortida directa a patis i zones porxades, afavorint un model educatiu vinculat a l\u2019entorn i al benestar dels infants. A m\u00e9s, els materials i els sistemes de climatitzaci\u00f3 s\u2019han dissenyat per reduir el consum energ\u00e8tic i minimitzar l\u2019impacte ambiental.<\/p>\n\n\n\n<p class=\"wp-block-paragraph\">Actualment Badalona compta amb cinc escoles bressol municipals: Pam i Pipa; Ralet-Ralet; Virolet; Uni Dori i Nero Nas. El nom de la futura escola, Bugui Bugui, va ser escollit pel Consell dels Infants de Badalona.<\/p>\n","protected":false},"excerpt":{"rendered":"<p>L\u2019Ajuntament de Badalona ha adjudicat les obres de construcci\u00f3 de la nova escola bressol municipal Bugui Bugui, la sisena llar d\u2019infants p\u00fablica de la ciutat, que estar\u00e0 situada al carrer de la Ci\u00e8ncia, al barri de Montigal\u00e0. La construcci\u00f3 de la nova escola bressol compta amb una inversi\u00f3 municipal de 3.184.452,17 euros (IVA incl\u00f2s) i [&hellip;]<\/p>\n","protected":false},"author":2,"featured_media":10992,"comment_status":"closed","ping_status":"open","sticky":false,"template":"","format":"standard","meta":{"footnotes":""},"categories":[23],"tags":[],"class_list":["post-10991","post","type-post","status-publish","format-standard","has-post-thumbnail","category-actualitat"],"_links":{"self":[{"href":"https:\/\/areabadalona.com\/diario\/wp-json\/wp\/v2\/posts\/10991","targetHints":{"allow":["GET"]}}],"collection":[{"href":"https:\/\/areabadalona.com\/diario\/wp-json\/wp\/v2\/posts"}],"about":[{"href":"https:\/\/areabadalona.com\/diario\/wp-json\/wp\/v2\/types\/post"}],"author":[{"embeddable":true,"href":"https:\/\/areabadalona.com\/diario\/wp-json\/wp\/v2\/users\/2"}],"replies":[{"embeddable":true,"href":"https:\/\/areabadalona.com\/diario\/wp-json\/wp\/v2\/comments?post=10991"}],"version-history":[{"count":1,"href":"https:\/\/areabadalona.com\/diario\/wp-json\/wp\/v2\/posts\/10991\/revisions"}],"predecessor-version":[{"id":10993,"href":"https:\/\/areabadalona.com\/diario\/wp-json\/wp\/v2\/posts\/10991\/revisions\/10993"}],"wp:featuredmedia":[{"embeddable":true,"href":"https:\/\/areabadalona.com\/diario\/wp-json\/wp\/v2\/media\/10992"}],"wp:attachment":[{"href":"https:\/\/areabadalona.com\/diario\/wp-json\/wp\/v2\/media?parent=10991"}],"wp:term":[{"taxonomy":"category","embeddable":true,"href":"https:\/\/areabadalona.com\/diario\/wp-json\/wp\/v2\/categories?post=10991"},{"taxonomy":"post_tag","embeddable":true,"href":"https:\/\/areabadalona.com\/diario\/wp-json\/wp\/v2\/tags?post=10991"}],"curies":[{"name":"wp","href":"https:\/\/api.w.org\/{rel}","templated":true}]}}