{"id":10539,"date":"2026-04-30T11:36:31","date_gmt":"2026-04-30T11:36:31","guid":{"rendered":"https:\/\/areabadalona.com\/diario\/?p=10539"},"modified":"2026-04-30T11:36:32","modified_gmt":"2026-04-30T11:36:32","slug":"inscripcions-obertes-per-participar-a-la-cursa-del-dimoni","status":"publish","type":"post","link":"https:\/\/areabadalona.com\/diario\/2026\/04\/30\/inscripcions-obertes-per-participar-a-la-cursa-del-dimoni\/","title":{"rendered":"Inscripcions obertes per participar a la Cursa del Dimoni"},"content":{"rendered":"\n<p>Ja s\u2019ha obert el per\u00edode d\u2019inscripci\u00f3 per participar en la 46a Cursa Popular Ciutat de Badalona, coneguda tamb\u00e9 com a Cursa del Dimoni que tindr\u00e0 lloc dissabte 30 de maig, amb sortida al passeig de la Rambla davant el monument de Roca i Pi.<\/p>\n\n\n\n<p>La 46a Cursa Popular Ciutat de Badalona &#8211; La Cursa del Dimoni! presenta diversos circuits per afavorir la participaci\u00f3 de tothom. Tots els circuits s\u00f3n inclusius.<\/p>\n\n\n\n<p>&#8211; La cursa mini, d\u20191,7 km, per a nens i nenes fins a 10 anys, amb sortida a les 18 hores.<\/p>\n\n\n\n<p>&#8211; La cursa inclusiva, de 500 metres i 1 km, pensada per a persones amb diversitat funcional, amb sortida a les 18 hores.<\/p>\n\n\n\n<p>&#8211; La cursa mitjana, de 5 km, destinada al jovent d\u201911 a 14 anys i adults, amb sortida a les 19 hores.<\/p>\n\n\n\n<p>&#8211; La cursa gran, de 10 km, per a m\u00e9s grans de 15 anys, amb sortida a les 20 hores.<\/p>\n\n\n\n<p>El preu de les inscripcions per als circuits mini, mitj\u00e0 i inclusiu, \u00e9s de 3 euros. Per al circuit gran, la inscripci\u00f3 t\u00e9 un cost de 6 euros. Les inscripcions es poden fer a trav\u00e9s de la web municipal:<\/p>\n\n\n\n<figure class=\"wp-block-embed\"><div class=\"wp-block-embed__wrapper\">\nhttps:\/\/www.badalona.cat\/ca\/serveis-ajuntament\/esport\/cursa-popular-ciutat-de-badalona-2026\/inscripcions\n<\/div><\/figure>\n\n\n\n<p>o de: <a href=\"https:\/\/xipgroc.cat\/\"><u>https:\/\/xipgroc.cat\/<\/u><\/a><\/p>\n\n\n\n<p>Les inscripcions es tancaran en l\u00ednia el dimarts 26 de maig a les 24 hores; o abans si s\u2019exhaureixen els dorsals.<\/p>\n\n\n\n<p><strong>Fira del corredor a la pla\u00e7a de Pompeu Fabra<\/strong><\/p>\n\n\n\n<p>La recollida dels dorsals, xip i bossa del corredor es podr\u00e0 fer el divendres 29 de maig, de 10 a 21 hores, a la Fira del corredor, que es trobar\u00e0 a la pla\u00e7a de Pompeu Fabra.<\/p>\n\n\n\n<p>En aquesta Fira tamb\u00e9 es donaran cita algunes entitats, marques i empreses de Badalona relacionades amb el m\u00f3n del r<em>unning<\/em>&nbsp;que promocionaran els seus productes o serveis.<\/p>\n\n\n\n<p><strong>Una cursa amb serveis, ambient festiu i comprom\u00eds inclusiu<\/strong><\/p>\n\n\n\n<p>La Cursa del Dimoni oferir\u00e0 als participants serveis com guarda-roba, lavabos, avituallament, assist\u00e8ncia sanit\u00e0ria, punts d\u2019informaci\u00f3 i espai de massatges, amb una ambientaci\u00f3 musical, activitats infantils i una fideuada popular per a tots els participants.<\/p>\n\n\n\n<p>L\u2019esdeveniment mant\u00e9 el seu esperit inclusiu, afavorint la participaci\u00f3 de persones amb diversitat funcional en un entorn segur i adaptat, reafirmant el comprom\u00eds de la ciutat amb l\u2019esport, la salut i la cohesi\u00f3 social.<\/p>\n\n\n\n<p>Podeu seguir totes les novetats a trav\u00e9s de l\u2019Instagram del servei d\u2019Esports <a href=\"https:\/\/www.instagram.com\/esportsbadalona\/\"><u>@esportsbadalona<\/u><\/a>.<\/p>\n","protected":false},"excerpt":{"rendered":"<p>Ja s\u2019ha obert el per\u00edode d\u2019inscripci\u00f3 per participar en la 46a Cursa Popular Ciutat de Badalona, coneguda tamb\u00e9 com a Cursa del Dimoni que tindr\u00e0 lloc dissabte 30 de maig, amb sortida al passeig de la Rambla davant el monument de Roca i Pi. La 46a Cursa Popular Ciutat de Badalona &#8211; La Cursa del [&hellip;]<\/p>\n","protected":false},"author":2,"featured_media":10538,"comment_status":"closed","ping_status":"open","sticky":false,"template":"","format":"standard","meta":{"footnotes":""},"categories":[26],"tags":[],"class_list":{"0":"post-10539","1":"post","2":"type-post","3":"status-publish","4":"format-standard","5":"has-post-thumbnail","7":"category-esports"},"_links":{"self":[{"href":"https:\/\/areabadalona.com\/diario\/wp-json\/wp\/v2\/posts\/10539","targetHints":{"allow":["GET"]}}],"collection":[{"href":"https:\/\/areabadalona.com\/diario\/wp-json\/wp\/v2\/posts"}],"about":[{"href":"https:\/\/areabadalona.com\/diario\/wp-json\/wp\/v2\/types\/post"}],"author":[{"embeddable":true,"href":"https:\/\/areabadalona.com\/diario\/wp-json\/wp\/v2\/users\/2"}],"replies":[{"embeddable":true,"href":"https:\/\/areabadalona.com\/diario\/wp-json\/wp\/v2\/comments?post=10539"}],"version-history":[{"count":1,"href":"https:\/\/areabadalona.com\/diario\/wp-json\/wp\/v2\/posts\/10539\/revisions"}],"predecessor-version":[{"id":10540,"href":"https:\/\/areabadalona.com\/diario\/wp-json\/wp\/v2\/posts\/10539\/revisions\/10540"}],"wp:featuredmedia":[{"embeddable":true,"href":"https:\/\/areabadalona.com\/diario\/wp-json\/wp\/v2\/media\/10538"}],"wp:attachment":[{"href":"https:\/\/areabadalona.com\/diario\/wp-json\/wp\/v2\/media?parent=10539"}],"wp:term":[{"taxonomy":"category","embeddable":true,"href":"https:\/\/areabadalona.com\/diario\/wp-json\/wp\/v2\/categories?post=10539"},{"taxonomy":"post_tag","embeddable":true,"href":"https:\/\/areabadalona.com\/diario\/wp-json\/wp\/v2\/tags?post=10539"}],"curies":[{"name":"wp","href":"https:\/\/api.w.org\/{rel}","templated":true}]}}