{"id":10531,"date":"2026-04-29T15:28:04","date_gmt":"2026-04-29T15:28:04","guid":{"rendered":"https:\/\/areabadalona.com\/diario\/?p=10531"},"modified":"2026-04-29T15:28:06","modified_gmt":"2026-04-29T15:28:06","slug":"la-universitat-ceu-abat-oliba-i-badalona-serveis-assistencials-impulsen-un-acord-per-a-la-formacio-de-futurs-professionals-de-la-salut","status":"publish","type":"post","link":"https:\/\/areabadalona.com\/diario\/2026\/04\/29\/la-universitat-ceu-abat-oliba-i-badalona-serveis-assistencials-impulsen-un-acord-per-a-la-formacio-de-futurs-professionals-de-la-salut\/","title":{"rendered":"La Universitat CEU Abat Oliba i Badalona Serveis Assistencials impulsen un acord per a la formaci\u00f3 de futurs professionals de la salut"},"content":{"rendered":"\n<p>La Universitat CEU Abat Oliba (CEU UAO) i Badalona Serveis Assistencials (BSA) van signar ahir un nou conveni marc de col\u00b7laboraci\u00f3 docent que entrar\u00e0 en vigor a partir del curs acad\u00e8mic 2026-2027. Gr\u00e0cies a aquest acord, l\u2019alumnat dels graus de la Facultat de Ci\u00e8ncies de la Salut i de la Vida de la CEU UAO, com els d\u2019Infermeria i Medicina, podr\u00e0 realitzar les seves pr\u00e0ctiques formatives als centres assistencials de BSA. \u00c9s el primer pas indispensable perqu\u00e8 aquesta entitat sanit\u00e0ria i social municipal es converteixi en organitzaci\u00f3 universit\u00e0ria de refer\u00e8ncia de la CEU UAO.<\/p>\n\n\n\n<p>El conveni suposa un nou pas en l\u2019aposta de la CEU UAO per refor\u00e7ar la formaci\u00f3 pr\u00e0ctica i el contacte directe de l\u2019alumnat amb entorns professionals reals des de les primeres etapes de la seva traject\u00f2ria acad\u00e8mica. Al mateix temps, consolida el comprom\u00eds de BSA amb la doc\u00e8ncia i la formaci\u00f3 de les noves generacions de professionals sanitaris.<\/p>\n\n\n\n<p>L\u2019acte de presentaci\u00f3 del conveni, celebrat a la CEU UAO, va comptar amb la participaci\u00f3 de Xavier Garc\u00eda Albiol, alcalde de Badalona i president del Consell d\u2019Administraci\u00f3 de BSA; Eva Guill\u00e9n, vicepresidenta del Consell d&#8217;Administraci\u00f3 de BSA i 5a tinenta d\u2019alcaldia d\u2019Hisenda, Recursos Humans i Serveis Socials de l\u2019Ajuntament de Badalona, i&nbsp;Toni Salas, gerent de BSA. Per part de la CEU UAO hi van assistir Arcadi Gual, rector; Jordi Pal\u00e9s, deg\u00e0 de la Facultat de Ci\u00e8ncies de la Salut i de la Vida; Swen Seebach, vicerector de Qualitat, Estrat\u00e8gia Universit\u00e0ria i Internacionalitzaci\u00f3; Joan Ripoll, vicerector d&#8217;Ordenaci\u00f3 Acad\u00e8mica i Digitalitzaci\u00f3, i Marta Morell, gerent.<\/p>\n\n\n\n<p>Amb aquest acord BSA, amb traject\u00f2ria consolidada en la formaci\u00f3 d\u2019alumnat de diverses universitats, &nbsp;es refor\u00e7a com a centre col\u00b7laborador de la CEU UAO i fa un pas significatiu en l\u2019objectiu d\u2019esdevenir centre universitari de refer\u00e8ncia&nbsp;en l\u2019\u00e0mbit de la salut. El conveni amplia l\u2019acord signat l\u2019any 2025, que regulava exclusivament les pr\u00e0ctiques del grau d\u2019Infermeria. Actualment, BSA ja acull estudiants d\u2019aquest grau als seus centres, principalment a l\u2019\u00e0mbit d\u2019Atenci\u00f3 Prim\u00e0ria.<\/p>\n\n\n\n<p>La col\u00b7laboraci\u00f3 permetr\u00e0 l\u2019alumnat desenvolupar compet\u00e8ncies cl\u00edniques i assistencials en un entorn professional, acompanyat per equips especialitzats i en contacte directe amb la realitat de l\u2019\u00e0mbit sanitari. D\u2019aquesta manera, la Universitat CEU Abat Oliba continua refor\u00e7ant un model formatiu que combina excel\u00b7l\u00e8ncia acad\u00e8mica, acompanyament personalitzat i una estreta connexi\u00f3 amb el sector professional.<\/p>\n\n\n\n<p>L\u2019acord tamb\u00e9 refor\u00e7a el comprom\u00eds de BSA amb la doc\u00e8ncia i la formaci\u00f3 de futurs professionals de la salut. L\u2019organitzaci\u00f3, amb un clar tarann\u00e0 docent i comunitari, acull anualment una mitjana de 300 alumnes en pr\u00e0ctiques de diferents \u00e0mbits professionals, com ara Infermeria, Medicina, Psicologia i Treball Social, entre d\u2019altres.<\/p>\n","protected":false},"excerpt":{"rendered":"<p>La Universitat CEU Abat Oliba (CEU UAO) i Badalona Serveis Assistencials (BSA) van signar ahir un nou conveni marc de col\u00b7laboraci\u00f3 docent que entrar\u00e0 en vigor a partir del curs acad\u00e8mic 2026-2027. Gr\u00e0cies a aquest acord, l\u2019alumnat dels graus de la Facultat de Ci\u00e8ncies de la Salut i de la Vida de la CEU UAO, [&hellip;]<\/p>\n","protected":false},"author":2,"featured_media":10532,"comment_status":"closed","ping_status":"open","sticky":false,"template":"","format":"standard","meta":{"footnotes":""},"categories":[23],"tags":[],"class_list":{"0":"post-10531","1":"post","2":"type-post","3":"status-publish","4":"format-standard","5":"has-post-thumbnail","7":"category-actualitat"},"_links":{"self":[{"href":"https:\/\/areabadalona.com\/diario\/wp-json\/wp\/v2\/posts\/10531","targetHints":{"allow":["GET"]}}],"collection":[{"href":"https:\/\/areabadalona.com\/diario\/wp-json\/wp\/v2\/posts"}],"about":[{"href":"https:\/\/areabadalona.com\/diario\/wp-json\/wp\/v2\/types\/post"}],"author":[{"embeddable":true,"href":"https:\/\/areabadalona.com\/diario\/wp-json\/wp\/v2\/users\/2"}],"replies":[{"embeddable":true,"href":"https:\/\/areabadalona.com\/diario\/wp-json\/wp\/v2\/comments?post=10531"}],"version-history":[{"count":1,"href":"https:\/\/areabadalona.com\/diario\/wp-json\/wp\/v2\/posts\/10531\/revisions"}],"predecessor-version":[{"id":10533,"href":"https:\/\/areabadalona.com\/diario\/wp-json\/wp\/v2\/posts\/10531\/revisions\/10533"}],"wp:featuredmedia":[{"embeddable":true,"href":"https:\/\/areabadalona.com\/diario\/wp-json\/wp\/v2\/media\/10532"}],"wp:attachment":[{"href":"https:\/\/areabadalona.com\/diario\/wp-json\/wp\/v2\/media?parent=10531"}],"wp:term":[{"taxonomy":"category","embeddable":true,"href":"https:\/\/areabadalona.com\/diario\/wp-json\/wp\/v2\/categories?post=10531"},{"taxonomy":"post_tag","embeddable":true,"href":"https:\/\/areabadalona.com\/diario\/wp-json\/wp\/v2\/tags?post=10531"}],"curies":[{"name":"wp","href":"https:\/\/api.w.org\/{rel}","templated":true}]}}