{"id":10526,"date":"2026-04-29T11:59:23","date_gmt":"2026-04-29T11:59:23","guid":{"rendered":"https:\/\/areabadalona.com\/diario\/?p=10526"},"modified":"2026-04-29T11:59:24","modified_gmt":"2026-04-29T11:59:24","slug":"badalona-participa-amb-un-estand-propi-al-palma-international-boat-show-2026-per-presentar-el-seu-port-com-un-dels-grans-projectes-emergents-del-mediterrani","status":"publish","type":"post","link":"https:\/\/areabadalona.com\/diario\/2026\/04\/29\/badalona-participa-amb-un-estand-propi-al-palma-international-boat-show-2026-per-presentar-el-seu-port-com-un-dels-grans-projectes-emergents-del-mediterrani\/","title":{"rendered":"Badalona participa amb un estand propi al Palma International Boat Show 2026 per presentar el seu port com un dels grans projectes emergents del Mediterrani"},"content":{"rendered":"\n<p>El Port de Badalona participa per segon any consecutiu amb estand propi al Palma International Boat Show 2026, que se celebra del 29 d\u2019abril al 2 de maig a la capital mallorquina, un dels principals punts de trobada n\u00e0utics del Mediterrani. Aquesta pres\u00e8ncia consolida l\u2019estrat\u00e8gia de posicionament del port en l\u2019\u00e0mbit internacional i el seu paper com a infraestructura clau en el desenvolupament de l\u2019economia blava al litoral metropolit\u00e0.<\/p>\n\n\n\n<p>En aquesta edici\u00f3, el Port de Badalona posa el focus en la consolidaci\u00f3 i ampliaci\u00f3 del seu varador, un actiu estrat\u00e8gic que refor\u00e7a el seu posicionament com a infraestructura t\u00e8cnica de refer\u00e8ncia al Mediterrani. El <strong>Varador Badalona <\/strong>s\u2019ha consolidat com un espai de refer\u00e8ncia nacional i internacional en <em>refit<\/em>&nbsp;i manteniment d\u2019embarcacions de fins a 40 metres d\u2019eslora. L\u2019ampliaci\u00f3 en curs, que supera els 10.500 m\u00b2 en una primera fase i arribar\u00e0 als gaireb\u00e9 15.000 m\u00b2, refor\u00e7a la seva capacitat operativa i situa el port com un node t\u00e8cnic de primer nivell dins del sector n\u00e0utic.<\/p>\n\n\n\n<p>En paral\u00b7lel, el port presenta l\u2019aven\u00e7 del Canal Badalona, un projecte clau en la transformaci\u00f3 del front mar\u00edtim que comptar\u00e0 amb 350 metres navegables i prop de 200 amarratges, aix\u00ed com 6.000 m\u00b2 d\u2019\u00e0rea comercial, que configuraran una nova centralitat urbana i refor\u00e7aran la connexi\u00f3 entre la ciutat i el mar. Sota el lema <strong>\u201cEl teu canal per sentir el Mediterrani\u201d<\/strong>, el port trasllada a Palma una visi\u00f3 concreta del desenvolupament que comen\u00e7ar\u00e0 a materialitzar-se el pr\u00f2xim any.<\/p>\n\n\n\n<p>L\u2019alcalde de Badalona, Xavier Garcia Albiol, assistir\u00e0 aquest dijous al Palma International Boat Show 2026 i participar\u00e0 en la inauguraci\u00f3 de l\u2019estand del Port de Badalona, que es far\u00e0 a les 12 hores. L\u2019alcalde ha destacat que \u201cBadalona torna al Palma International Boat Show perqu\u00e8 \u00e9s una oportunitat per situar la ciutat en el mapa internacional del sector n\u00e0utic i per demostrar que est\u00e0 preparada per competir amb els grans ports del Mediterrani\u201d. En aquest sentit, ha subratllat que \u201cl\u2019ampliaci\u00f3 del varador i el desenvolupament del canal no s\u00f3n nom\u00e9s projectes portuaris, sin\u00f3 una aposta estrat\u00e8gica de la ciutat per generar activitat econ\u00f2mica, i crear noves oportunitats\u201d. Finalment, ha remarcat que \u201cBadalona est\u00e0 recuperant la seva connexi\u00f3 amb el mar amb projectes ambiciosos i reals, com el del Canal, que transformaran el front mar\u00edtim\u201d.<\/p>\n\n\n\n<p>En el marc de la fira, el Port de Badalona acollir\u00e0 tamb\u00e9 la presentaci\u00f3 de la pr\u00f2xima edici\u00f3 de la <strong>Golden Cup Badalona<\/strong>, orientada a la competici\u00f3 de m\u00e0xim nivell i a la projecci\u00f3 internacional del port, i dela <strong>Badalona Mini Cup<\/strong>, centrada en la vela base i el desenvolupament de nous navegants. L\u2019estandcomptar\u00e0 tamb\u00e9 amb un <strong>tast de formatges i vins de la DO Alella<\/strong>, incorporant el valor del territoria la proposta del port.<\/p>\n\n\n\n<p>El Palma International Boat Show reuneix cada any els principals actors del sector n\u00e0utic europeu, constituint un entorn clau per a la generaci\u00f3 d\u2019oportunitats i la projecci\u00f3 de nous desenvolupaments portuaris.<\/p>\n","protected":false},"excerpt":{"rendered":"<p>El Port de Badalona participa per segon any consecutiu amb estand propi al Palma International Boat Show 2026, que se celebra del 29 d\u2019abril al 2 de maig a la capital mallorquina, un dels principals punts de trobada n\u00e0utics del Mediterrani. Aquesta pres\u00e8ncia consolida l\u2019estrat\u00e8gia de posicionament del port en l\u2019\u00e0mbit internacional i el seu [&hellip;]<\/p>\n","protected":false},"author":2,"featured_media":10527,"comment_status":"closed","ping_status":"open","sticky":false,"template":"","format":"standard","meta":{"footnotes":""},"categories":[26],"tags":[],"class_list":{"0":"post-10526","1":"post","2":"type-post","3":"status-publish","4":"format-standard","5":"has-post-thumbnail","7":"category-esports"},"_links":{"self":[{"href":"https:\/\/areabadalona.com\/diario\/wp-json\/wp\/v2\/posts\/10526","targetHints":{"allow":["GET"]}}],"collection":[{"href":"https:\/\/areabadalona.com\/diario\/wp-json\/wp\/v2\/posts"}],"about":[{"href":"https:\/\/areabadalona.com\/diario\/wp-json\/wp\/v2\/types\/post"}],"author":[{"embeddable":true,"href":"https:\/\/areabadalona.com\/diario\/wp-json\/wp\/v2\/users\/2"}],"replies":[{"embeddable":true,"href":"https:\/\/areabadalona.com\/diario\/wp-json\/wp\/v2\/comments?post=10526"}],"version-history":[{"count":1,"href":"https:\/\/areabadalona.com\/diario\/wp-json\/wp\/v2\/posts\/10526\/revisions"}],"predecessor-version":[{"id":10528,"href":"https:\/\/areabadalona.com\/diario\/wp-json\/wp\/v2\/posts\/10526\/revisions\/10528"}],"wp:featuredmedia":[{"embeddable":true,"href":"https:\/\/areabadalona.com\/diario\/wp-json\/wp\/v2\/media\/10527"}],"wp:attachment":[{"href":"https:\/\/areabadalona.com\/diario\/wp-json\/wp\/v2\/media?parent=10526"}],"wp:term":[{"taxonomy":"category","embeddable":true,"href":"https:\/\/areabadalona.com\/diario\/wp-json\/wp\/v2\/categories?post=10526"},{"taxonomy":"post_tag","embeddable":true,"href":"https:\/\/areabadalona.com\/diario\/wp-json\/wp\/v2\/tags?post=10526"}],"curies":[{"name":"wp","href":"https:\/\/api.w.org\/{rel}","templated":true}]}}