{"id":10523,"date":"2026-04-29T10:59:21","date_gmt":"2026-04-29T10:59:21","guid":{"rendered":"https:\/\/areabadalona.com\/diario\/?p=10523"},"modified":"2026-04-29T10:59:23","modified_gmt":"2026-04-29T10:59:23","slug":"el-projecte-folre-de-badalona-anuncia-la-voluntat-de-creixer-per-arribar-ames-gent-en-situacio-de-sensellar","status":"publish","type":"post","link":"https:\/\/areabadalona.com\/diario\/2026\/04\/29\/el-projecte-folre-de-badalona-anuncia-la-voluntat-de-creixer-per-arribar-ames-gent-en-situacio-de-sensellar\/","title":{"rendered":"El projecte Folre de Badalona anuncia la voluntat de cr\u00e9ixer per arribar am\u00e9s gent en situaci\u00f3 de sensellar"},"content":{"rendered":"\n<p>El centre di\u00fcrn Folre celebra aquest any el seu 30\u00e8 aniversari com a referent en l\u2019acollida i l\u2019acompanyament de persones en situaci\u00f3 de sensellarisme a Badalona. Tot i la seva traject\u00f2ria consolidada, el projecte afronta avui un repte important: donar resposta a una demanda creixent de persones en situaci\u00f3 de sensellar. Des del Programa d\u2019Inclusi\u00f3 Bisbe Carrera hi ha la voluntat d\u2019acompanyar a m\u00e9s persones i ampliar la resposta del projecte, sempre amb el suport i la cooperaci\u00f3 de les administracions p\u00fabliques.<br>Impulsat en alian\u00e7a per la Fundaci\u00f3 Privada Llegat Roca i Pi, l\u2019Orde Hospitalari Sant Joan de D\u00e9u i C\u00e0ritas Diocesana de Barcelona, Folre ofereix un espai digne, segur i de descans on les persones poden cobrir les necessitats b\u00e0siques i iniciar processos de recuperaci\u00f3 personal i d\u2019autonomia.<br>Actualment, el centre at\u00e9n una mitjana de 40 persones cada dia, sense un temps m\u00e0xim d\u2019estada, ja que cada persona segueix el seu propi proc\u00e9s, que habitualment s\u2019allarga al voltant d\u2019un any. Durant el 2025, fins a 250 persones han passat pel projecte, una xifra que conviu amb llistes d\u2019espera i posa de manifest la necessitat de refor\u00e7ar l\u2019atenci\u00f3 al sensellarisme a la ciutat.<br>El centre disposa d\u2019una sala polivalent que afavoreix la conviv\u00e8ncia, servei d\u2019esmorzar, dutxes, bugaderia, rober, consigna per desar pertinences o carregar el tel\u00e8fon m\u00f2bil, aix\u00ed com un espai d\u2019informaci\u00f3 i assessorament social. Tot plegat amb l\u2019objectiu que les persones disposin d\u2019un lloc segur on sentir-se escoltades i respectades.<br>Tal com explica Mar Alsamora, responsable d\u2019Acci\u00f3 Social de la Fundaci\u00f3 Roca i Pi, \u201ca Folre posem les persones al centre, adaptant l\u2019acompanyament al moment vital i al ritme de cadasc\u00fa. No treballem amb itineraris tancats, sin\u00f3 amb processos que respecten la singularitat de cada persona\u201d. Alsamora ha subratllat que \u201cFolre no \u00e9s nom\u00e9s un espai on cobrir necessitats b\u00e0siques, sin\u00f3 una porta d\u2019entrada a processos de recuperaci\u00f3 personal, autonomia i reconstrucci\u00f3 de vincles socials\u201d. Aix\u00ed, ha volgut recordar que segons el darrer recompte de persones sensellar, 110 persones dormen al carrer a Badalona (un 22% m\u00e9s que en el recompte anterior), evidenciant una situaci\u00f3 cada cop m\u00e9s greu i cronificada. \u201cEl sensellarisme \u00e9s una vulneraci\u00f3 de drets i no una realitat inevitable; cal una resposta coordinada, estructural i sostinguda en el temps entre administracions i entitats socials\u201d, ha demanat.<br>Seguidament, Salvador Maneu, director de Sant Joan de D\u00e9u Serveis Socials Barcelona, ha afirmat que \u201cFolre \u00e9s un llegat col\u00b7lectiu, un projecte que ha fet p\u00f2sit i que vol ser de la ciutat de Badalona i per a la gent de Badalona\u201d. Maneu ha destacat que el centre \u00e9s fruit d\u2019una alian\u00e7a c\u00edvica, eclesial i publico-social, i ha remarcat que \u00e9s una resposta a les persones que passen per moments dif\u00edcils. \u201cFolre \u00e9s dignitat\u201d, ha dit.<br>Durant l\u2019acte commemoratiu del 30\u00e8 aniversari, els assistents han pogut visitar el centre guiats per Eduard Rafel, director del Programa d\u2019Inclusi\u00f3 Bisbe Carrera. A la visita s\u2019hi han sumat Eva Guill\u00e9n, cinquena tinenta d\u2019alcaldia de l\u2019Ajuntament de Badalona, i M\u00f2nica Mart\u00ednez Bravo, consellera de Drets Socials i Inclusi\u00f3 de la Generalitat de Catalunya.<br>Guill\u00e9n ha volgut fer valdre els trenta anys del projecte Folre, destacant que ha estat i \u00e9s un pilar de la dignitat humana. \u201cVolem que aquest projecte continu\u00ef essent un referent, i ens sumem a aquesta necessitat d\u2019ampliar el projecte per acompanyar i oferir oportunitats a m\u00e9s persones de Badalona\u201d, ha afirmat.<br>La consellera Mart\u00ednez Bravo tamb\u00e9 ha donat suport a l\u2019ampliaci\u00f3 del projecte, indicant que quan hi ha moviments que volen deshumanitzar les persones, cal aferrar-nos a l\u2019esperan\u00e7a, ja que tots i totes som \u00e9ssers humans. \u201c\u00c9s un orgull tenir projectes com aquests a Badalona, a Catalunya. Cal que la pol\u00edtica reivindiqui que tota vida \u00e9s necess\u00e0ria, apostar per una pol\u00edtica humana i humanista\u201d, ha defensat.<br><strong>Un projecte amb arrels comunit\u00e0ries<br><\/strong>Folre va n\u00e9ixer fa 30 anys a partir de l\u2019impuls d\u2019un grup de joves voluntaris de la Parr\u00f2quia de Sant Josep de Badalona que volien oferir una resposta a les persones que dormien al carrer. En els seus inicis, el projecte funcionava en una petita estan\u00e7a parroquial, i una de les primeres accions va ser el repartiment d\u2019entrepans.<br>\u201c\u00c9rem sis joves de quatre parr\u00f2quies de Badalona, amb molta il\u00b7lusi\u00f3 i una voluntat d\u2019ajudar totalment altruista\u201d, ha recordat Xavier Oncins, conseller de C\u00e0ritas Diocesana de Barcelona i un dels impulsors del projecte. Oncins ha explicat que el nom Folre es va escollir perqu\u00e8, com en un castell, \u00e9s la pinya que refor\u00e7a i permet que la torre pugi fins a tocar el cel. \u201cAquesta \u00e9s l\u2019ess\u00e8ncia del centre: sostenir les persones perqu\u00e8 puguin reconstruir la seva vida\u201d.<br><strong>Treball en xarxa i mirada de futur<br><\/strong>Folre forma part del Programa d\u2019Inclusi\u00f3 Bisbe Carrera (PIBC), que t\u00e9 com a objectiu atendre les persones en situaci\u00f3 de sensellarisme a Badalona i avan\u00e7ar cap a la seva plena recuperaci\u00f3. El programa ofereix actualment acollida residencial a 28 persones en 26 pisos d\u2019inclusi\u00f3, a m\u00e9s del centre di\u00fcrn Folre.<br>Al projecte hi treballa un equip format per 7 professionals i 5 persones volunt\u00e0ries, que actuen coordinadament amb els serveis socials de l\u2019Ajuntament de Badalona i altres entitats del territori. El voluntariat continua sent un pilar fonamental del projecte, present des dels seus or\u00edgens.<br>Tot i la seva consolidaci\u00f3, Folre es troba avui amb llistes d\u2019espera que evidencien la necessitat d\u2019ampliar recursos i refor\u00e7ar la resposta al sensellarisme a la ciutat. \u201cTenim la voluntat de fer cr\u00e9ixer el projecte i arribar a m\u00e9s persones, per\u00f2 cal fer-ho amb la complicitat, el suport i la cooperaci\u00f3 de l\u2019Ajuntament i la Generalitat\u201d, ha afirmat Maneu.<br>Trenta anys despr\u00e9s, Folre continua sent una pe\u00e7a clau de la xarxa social de Badalona, un espai de suport i transformaci\u00f3 que permet a moltes persones sense llar recuperar drets, refer forces i tornar a comen\u00e7ar.<\/p>\n","protected":false},"excerpt":{"rendered":"<p>El centre di\u00fcrn Folre celebra aquest any el seu 30\u00e8 aniversari com a referent en l\u2019acollida i l\u2019acompanyament de persones en situaci\u00f3 de sensellarisme a Badalona. Tot i la seva traject\u00f2ria consolidada, el projecte afronta avui un repte important: donar resposta a una demanda creixent de persones en situaci\u00f3 de sensellar. Des del Programa d\u2019Inclusi\u00f3 [&hellip;]<\/p>\n","protected":false},"author":2,"featured_media":10524,"comment_status":"closed","ping_status":"open","sticky":false,"template":"","format":"standard","meta":{"footnotes":""},"categories":[24],"tags":[],"class_list":{"0":"post-10523","1":"post","2":"type-post","3":"status-publish","4":"format-standard","5":"has-post-thumbnail","7":"category-societat"},"_links":{"self":[{"href":"https:\/\/areabadalona.com\/diario\/wp-json\/wp\/v2\/posts\/10523","targetHints":{"allow":["GET"]}}],"collection":[{"href":"https:\/\/areabadalona.com\/diario\/wp-json\/wp\/v2\/posts"}],"about":[{"href":"https:\/\/areabadalona.com\/diario\/wp-json\/wp\/v2\/types\/post"}],"author":[{"embeddable":true,"href":"https:\/\/areabadalona.com\/diario\/wp-json\/wp\/v2\/users\/2"}],"replies":[{"embeddable":true,"href":"https:\/\/areabadalona.com\/diario\/wp-json\/wp\/v2\/comments?post=10523"}],"version-history":[{"count":1,"href":"https:\/\/areabadalona.com\/diario\/wp-json\/wp\/v2\/posts\/10523\/revisions"}],"predecessor-version":[{"id":10525,"href":"https:\/\/areabadalona.com\/diario\/wp-json\/wp\/v2\/posts\/10523\/revisions\/10525"}],"wp:featuredmedia":[{"embeddable":true,"href":"https:\/\/areabadalona.com\/diario\/wp-json\/wp\/v2\/media\/10524"}],"wp:attachment":[{"href":"https:\/\/areabadalona.com\/diario\/wp-json\/wp\/v2\/media?parent=10523"}],"wp:term":[{"taxonomy":"category","embeddable":true,"href":"https:\/\/areabadalona.com\/diario\/wp-json\/wp\/v2\/categories?post=10523"},{"taxonomy":"post_tag","embeddable":true,"href":"https:\/\/areabadalona.com\/diario\/wp-json\/wp\/v2\/tags?post=10523"}],"curies":[{"name":"wp","href":"https:\/\/api.w.org\/{rel}","templated":true}]}}