{"id":10507,"date":"2026-04-27T09:30:22","date_gmt":"2026-04-27T09:30:22","guid":{"rendered":"https:\/\/areabadalona.com\/diario\/?p=10507"},"modified":"2026-04-28T09:34:25","modified_gmt":"2026-04-28T09:34:25","slug":"lhospital-quironsalud-badalona-amplia-la-capacitat-assistencial-amb-un-nou-centre-de-rehabilitacio-especialitzat","status":"publish","type":"post","link":"https:\/\/areabadalona.com\/diario\/2026\/04\/27\/lhospital-quironsalud-badalona-amplia-la-capacitat-assistencial-amb-un-nou-centre-de-rehabilitacio-especialitzat\/","title":{"rendered":"L&#8217;Hospital Quir\u00f3nsalud Badalona amplia la capacitat assistencial amb un nou centre de rehabilitaci\u00f3 especialitzat\u00a0"},"content":{"rendered":"\n<p>L&#8217;Hospital Quir\u00f3nsalud Badalona ha inaugurat avui un nou centre de rehabilitaci\u00f3 especialitzat en lesions esportives i derivades d&#8217;accidents de tr\u00e0nsit i en pacients que requereixen un tractament de rehabilitaci\u00f3 personalitzat, amb l&#8217;objectiu de donar resposta al creixement de la demanda assistencial en aquest \u00e0mbit.<\/p>\n\n\n\n<p>Ubicat al carrer Laiet\u00e0nia n\u00ba1, es tracta del primer centre de rehabilitaci\u00f3 del grup a la ciutat i permetr\u00e0 descongestionar el servei que fins ara es prestava dins del mateix hospital.<\/p>\n\n\n\n<p>El nou equipament, operatiu des del passat dilluns 13 d&#8217;abril, compta amb una superf\u00edcie de 264m\u00b2 dedicada a l&#8217;atenci\u00f3 integral del pacient. Les instal\u00b7lacions inclouen un gimn\u00e0s, una sala de recuperaci\u00f3 espec\u00edfica per a pacients d&#8217;accidents de tr\u00e0nsit, tres boxes de tractament i dues consultes.<\/p>\n\n\n\n<p>El centre est\u00e0 dimensionat per fer m\u00e9s de 25.000 sessions de rehabilitaci\u00f3 a l&#8217;any i compta amb un equip multidisciplinar format per 8 professionals, entre fisioterapeutes, metges rehabilitadors i especialistes en traumatologia. Aquest volum d\u2019activitat, juntament amb l\u2019especialitzaci\u00f3 de l\u2019equip, permetr\u00e0 reduir els temps d\u2019espera i agilitzar l\u2019inici dels tractaments, un factor clau per a l\u2019\u00e8xit en la recuperaci\u00f3 de lesions.<\/p>\n\n\n\n<figure class=\"wp-block-gallery has-nested-images columns-default is-cropped td-modal-on-gallery wp-block-gallery-1 is-layout-flex wp-block-gallery-is-layout-flex\">\n<figure class=\"wp-block-image size-large\"><img loading=\"lazy\" decoding=\"async\" width=\"1024\" height=\"683\" data-id=\"10508\" src=\"https:\/\/areabadalona.com\/diario\/wp-content\/uploads\/2026\/04\/quiron02-1024x683.jpg\" alt=\"\" class=\"wp-image-10508\" srcset=\"https:\/\/areabadalona.com\/diario\/wp-content\/uploads\/2026\/04\/quiron02-1024x683.jpg 1024w, https:\/\/areabadalona.com\/diario\/wp-content\/uploads\/2026\/04\/quiron02-300x200.jpg 300w, https:\/\/areabadalona.com\/diario\/wp-content\/uploads\/2026\/04\/quiron02-768x512.jpg 768w, https:\/\/areabadalona.com\/diario\/wp-content\/uploads\/2026\/04\/quiron02-150x100.jpg 150w, https:\/\/areabadalona.com\/diario\/wp-content\/uploads\/2026\/04\/quiron02-696x464.jpg 696w, https:\/\/areabadalona.com\/diario\/wp-content\/uploads\/2026\/04\/quiron02-1068x712.jpg 1068w, https:\/\/areabadalona.com\/diario\/wp-content\/uploads\/2026\/04\/quiron02.jpg 1200w\" sizes=\"auto, (max-width: 1024px) 100vw, 1024px\" \/><figcaption class=\"wp-element-caption\">Dr. Javier Salguero<\/figcaption><\/figure>\n\n\n\n<figure class=\"wp-block-image size-large\"><img loading=\"lazy\" decoding=\"async\" width=\"1024\" height=\"683\" data-id=\"10509\" src=\"https:\/\/areabadalona.com\/diario\/wp-content\/uploads\/2026\/04\/quiron01-1024x683.jpg\" alt=\"\" class=\"wp-image-10509\" srcset=\"https:\/\/areabadalona.com\/diario\/wp-content\/uploads\/2026\/04\/quiron01-1024x683.jpg 1024w, https:\/\/areabadalona.com\/diario\/wp-content\/uploads\/2026\/04\/quiron01-300x200.jpg 300w, https:\/\/areabadalona.com\/diario\/wp-content\/uploads\/2026\/04\/quiron01-768x512.jpg 768w, https:\/\/areabadalona.com\/diario\/wp-content\/uploads\/2026\/04\/quiron01-150x100.jpg 150w, https:\/\/areabadalona.com\/diario\/wp-content\/uploads\/2026\/04\/quiron01-696x464.jpg 696w, https:\/\/areabadalona.com\/diario\/wp-content\/uploads\/2026\/04\/quiron01-1068x712.jpg 1068w, https:\/\/areabadalona.com\/diario\/wp-content\/uploads\/2026\/04\/quiron01.jpg 1200w\" sizes=\"auto, (max-width: 1024px) 100vw, 1024px\" \/><figcaption class=\"wp-element-caption\">Dr. Jos\u00e9 Luis Vega<\/figcaption><\/figure>\n<\/figure>\n\n\n\n<p><strong>Un servei necessari per acompanyar el creixement de l\u2019Hospital<\/strong><strong><br><\/strong>L\u2019obertura d\u2019aquest centre respon al creixement de l\u2019activitat assistencial de l\u2019hospital i a la voluntat d\u2019optimitzar l\u2019atenci\u00f3 al pacient. Fins ara, el servei de rehabilitaci\u00f3 estava integrat a les instal\u00b7lacions de l&#8217;Hospital Quir\u00f3nsalud Badalona. El trasllat a aquest nou local independent, situat a nom\u00e9s cinc minuts a peu, permet ampliar la capacitat de tractament i oferir un entorn de m\u00e9s comoditat i especialitzaci\u00f3.<\/p>\n\n\n\n<p>El <strong>Dr. Jos\u00e9 Lu\u00eds Vega<\/strong>, gerent de l&#8217;Hospital, de centres m\u00e8dics i del nou centre de rehabilitaci\u00f3, ha destacat que aquesta obertura \u00e9s \u201c<em>un nou pas en la consolidaci\u00f3 de la nostra xarxa assistencial a Badalona. Ara els ciutadans compten amb una infraestructura completa que inclou l&#8217;Hospital, els centres m\u00e8dics i aquest nou espai de rehabilitaci\u00f3, on treballem tots de manera coordinada\u201d<\/em>.<\/p>\n\n\n\n<p><strong>Especialitzaci\u00f3 en lesions esportives i de tr\u00e0nsit i rehabilitaci\u00f3<\/strong><strong><br><\/strong>El centre destaca pel seu alt grau d&#8217;especialitzaci\u00f3. Segons el <strong>Dr. Javier Salguero<\/strong>, responsable de la Unitat de Rehabilitaci\u00f3 de l&#8217;Hospital Quir\u00f3nsalud Badalona, \u200b\u200b\u201c<em>l&#8217;equip de professionals est\u00e0 centrat espec\u00edficament en el tractament i el seguiment de <\/em><strong><em>pacients amb lesions derivades d&#8217;accidents de tr\u00e0nsit, pacients amb lesions esportives i altres pacients que necessitin un tractament de rehabilitaci\u00f3 personalitzat<\/em><\/strong>\u201d.<\/p>\n\n\n\n<p>Les instal\u00b7lacions compten amb equipament d&#8217;\u00faltima generaci\u00f3 i \u201c<em>un model de treball basat en la coordinaci\u00f3 directa entre traumatologia, rehabilitaci\u00f3 i fisioter\u00e0pia, el que garanteix la continu\u00eftat assistencial del pacient al llarg de tot el proc\u00e9s de recuperaci\u00f3<\/em>\u201d, conclou el doctor Salguero.<\/p>\n","protected":false},"excerpt":{"rendered":"<p>L&#8217;Hospital Quir\u00f3nsalud Badalona ha inaugurat avui un nou centre de rehabilitaci\u00f3 especialitzat en lesions esportives i derivades d&#8217;accidents de tr\u00e0nsit i en pacients que requereixen un tractament de rehabilitaci\u00f3 personalitzat, amb l&#8217;objectiu de donar resposta al creixement de la demanda assistencial en aquest \u00e0mbit. Ubicat al carrer Laiet\u00e0nia n\u00ba1, es tracta del primer centre de [&hellip;]<\/p>\n","protected":false},"author":2,"featured_media":10510,"comment_status":"closed","ping_status":"open","sticky":false,"template":"","format":"standard","meta":{"footnotes":""},"categories":[24],"tags":[],"class_list":{"0":"post-10507","1":"post","2":"type-post","3":"status-publish","4":"format-standard","5":"has-post-thumbnail","7":"category-societat"},"_links":{"self":[{"href":"https:\/\/areabadalona.com\/diario\/wp-json\/wp\/v2\/posts\/10507","targetHints":{"allow":["GET"]}}],"collection":[{"href":"https:\/\/areabadalona.com\/diario\/wp-json\/wp\/v2\/posts"}],"about":[{"href":"https:\/\/areabadalona.com\/diario\/wp-json\/wp\/v2\/types\/post"}],"author":[{"embeddable":true,"href":"https:\/\/areabadalona.com\/diario\/wp-json\/wp\/v2\/users\/2"}],"replies":[{"embeddable":true,"href":"https:\/\/areabadalona.com\/diario\/wp-json\/wp\/v2\/comments?post=10507"}],"version-history":[{"count":1,"href":"https:\/\/areabadalona.com\/diario\/wp-json\/wp\/v2\/posts\/10507\/revisions"}],"predecessor-version":[{"id":10511,"href":"https:\/\/areabadalona.com\/diario\/wp-json\/wp\/v2\/posts\/10507\/revisions\/10511"}],"wp:featuredmedia":[{"embeddable":true,"href":"https:\/\/areabadalona.com\/diario\/wp-json\/wp\/v2\/media\/10510"}],"wp:attachment":[{"href":"https:\/\/areabadalona.com\/diario\/wp-json\/wp\/v2\/media?parent=10507"}],"wp:term":[{"taxonomy":"category","embeddable":true,"href":"https:\/\/areabadalona.com\/diario\/wp-json\/wp\/v2\/categories?post=10507"},{"taxonomy":"post_tag","embeddable":true,"href":"https:\/\/areabadalona.com\/diario\/wp-json\/wp\/v2\/tags?post=10507"}],"curies":[{"name":"wp","href":"https:\/\/api.w.org\/{rel}","templated":true}]}}