{"id":10505,"date":"2026-04-27T18:24:00","date_gmt":"2026-04-27T18:24:00","guid":{"rendered":"https:\/\/areabadalona.com\/diario\/?p=10505"},"modified":"2026-04-28T10:58:21","modified_gmt":"2026-04-28T10:58:21","slug":"exhaurits-en-poc-mes-de-dues-hores-els-badabons-en-la-seva-primera-edicio-de-primavera","status":"publish","type":"post","link":"https:\/\/areabadalona.com\/diario\/2026\/04\/27\/exhaurits-en-poc-mes-de-dues-hores-els-badabons-en-la-seva-primera-edicio-de-primavera\/","title":{"rendered":"Exhaurits en poc m\u00e9s de dues hores els \u2018Badabons\u2019 en la seva primera edici\u00f3 de primavera"},"content":{"rendered":"\n<p>En poc m\u00e9s de dues hores s\u2019han venut tots els \u2018Badabons\u2019 que l\u2019Ajuntament de Badalona ha posat aquest mat\u00ed a disposici\u00f3 de la ciutadania a trav\u00e9s del <a href=\"https:\/\/www.badabons.cat\/\"><u>web badabons.cat<\/u><\/a>, un fet que suposa un gran \u00e8xit d\u2019aquesta edici\u00f3. &nbsp;<\/p>\n\n\n\n<p>Aquest any, per primera vegada, l\u2019Ajuntament de Badalona impulsa dues edicions dels \u2018Badabons\u2019 en un mateix any. Davant la bona acollida de les anteriors edicions de la campanya, el consistori ha redoblat la seva aposta per incentivar l\u2019economia local fent una primera edici\u00f3 de primavera aquest any 2026 i una altra que tindr\u00e0 lloc a la tardor.<\/p>\n\n\n\n<p>L\u2019alcalde de Badalona, Xavier Garcia Albiol, ha destacat que \u201caquesta edici\u00f3 dels \u2018Badabons\u2019 ha estat una aut\u00e8ntica bogeria, ja que els vals de descompte disponibles, que en l\u2019anterior campanya van durar 24 hores, avui s\u2019han esgotat en dues hores; un fet que demostra que era necessari impulsar per primera vegada una edici\u00f3 de la campanya durant la primavera i fer-ne una altra abans de final d\u2019any\u201d. \u201cEstem davant d\u2019una iniciativa de promoci\u00f3 del comer\u00e7 local amb una acollida entre els ciutadans sense precedents; estem molt satisfets de poder impulsar i ajudar el comer\u00e7 de Badalona\u201d, ha remarcat l\u2019alcalde.<\/p>\n\n\n\n<p>Gr\u00e0cies a aquesta campanya municipal, que compta amb la col\u00b7laboraci\u00f3 de PIMEC, els ciutadans que han adquirit vals de descompte podran fer compres de fins a 100 euros en els comer\u00e7os adherits pagant nom\u00e9s 60 euros, ja que els 40 restants els cobreix l\u2019Ajuntament.<\/p>\n\n\n\n<p>En cadascuna de les campanyes de \u2018Badabons\u2019 d\u2019enguany, el consistori aporta 400.000 euros que es destinen \u00edntegrament a la subvenci\u00f3 de les compres. Gr\u00e0cies a aquesta aportaci\u00f3, la repercussi\u00f3 econ\u00f2mica en el comer\u00e7 ser\u00e0, com a m\u00ednim, d\u2019un mili\u00f3 d\u2019euros en compres per cadascuna de les campanyes, que suposaran almenys dos milions d\u2019euros durant l\u2019any 2026.<\/p>\n\n\n\n<p>Les persones que tinguin bons <strong>els poden fer servir<\/strong>&nbsp;en els establiments adherits a la campanya <strong>fins al pr\u00f2xim 24 de maig<\/strong>.<\/p>\n\n\n\n<p><strong>Informaci\u00f3 al web de Badabons<\/strong><\/p>\n\n\n\n<p>Tota la informaci\u00f3 clau, tant per als establiments com per a la ciutadania, es pot consultar al web de la campanya <a href=\"https:\/\/badabons.cat\/\"><u>badabons.cat<\/u><\/a>, on tamb\u00e9 es pot consultar el llistat de comer\u00e7os adherits a aquesta campanya de primavera dels Badabons.<\/p>\n\n\n\n<p><strong>Atenci\u00f3 a l\u2019Oficina de Turisme<\/strong><\/p>\n\n\n\n<p>L\u2019Ajuntament de Badalona ha habilitat un punt d\u2019atenci\u00f3 presencial a l\u2019Oficina de Turisme (Francesc Layret, 78-82), que atendr\u00e0 de dilluns a divendres, de 10.00 a 14.00 hores.<\/p>\n","protected":false},"excerpt":{"rendered":"<p>En poc m\u00e9s de dues hores s\u2019han venut tots els \u2018Badabons\u2019 que l\u2019Ajuntament de Badalona ha posat aquest mat\u00ed a disposici\u00f3 de la ciutadania a trav\u00e9s del web badabons.cat, un fet que suposa un gran \u00e8xit d\u2019aquesta edici\u00f3. &nbsp; Aquest any, per primera vegada, l\u2019Ajuntament de Badalona impulsa dues edicions dels \u2018Badabons\u2019 en un mateix [&hellip;]<\/p>\n","protected":false},"author":2,"featured_media":10519,"comment_status":"closed","ping_status":"open","sticky":false,"template":"","format":"standard","meta":{"footnotes":""},"categories":[23],"tags":[],"class_list":{"0":"post-10505","1":"post","2":"type-post","3":"status-publish","4":"format-standard","5":"has-post-thumbnail","7":"category-actualitat"},"_links":{"self":[{"href":"https:\/\/areabadalona.com\/diario\/wp-json\/wp\/v2\/posts\/10505","targetHints":{"allow":["GET"]}}],"collection":[{"href":"https:\/\/areabadalona.com\/diario\/wp-json\/wp\/v2\/posts"}],"about":[{"href":"https:\/\/areabadalona.com\/diario\/wp-json\/wp\/v2\/types\/post"}],"author":[{"embeddable":true,"href":"https:\/\/areabadalona.com\/diario\/wp-json\/wp\/v2\/users\/2"}],"replies":[{"embeddable":true,"href":"https:\/\/areabadalona.com\/diario\/wp-json\/wp\/v2\/comments?post=10505"}],"version-history":[{"count":1,"href":"https:\/\/areabadalona.com\/diario\/wp-json\/wp\/v2\/posts\/10505\/revisions"}],"predecessor-version":[{"id":10506,"href":"https:\/\/areabadalona.com\/diario\/wp-json\/wp\/v2\/posts\/10505\/revisions\/10506"}],"wp:featuredmedia":[{"embeddable":true,"href":"https:\/\/areabadalona.com\/diario\/wp-json\/wp\/v2\/media\/10519"}],"wp:attachment":[{"href":"https:\/\/areabadalona.com\/diario\/wp-json\/wp\/v2\/media?parent=10505"}],"wp:term":[{"taxonomy":"category","embeddable":true,"href":"https:\/\/areabadalona.com\/diario\/wp-json\/wp\/v2\/categories?post=10505"},{"taxonomy":"post_tag","embeddable":true,"href":"https:\/\/areabadalona.com\/diario\/wp-json\/wp\/v2\/tags?post=10505"}],"curies":[{"name":"wp","href":"https:\/\/api.w.org\/{rel}","templated":true}]}}