{"id":10502,"date":"2026-04-28T09:24:17","date_gmt":"2026-04-28T09:24:17","guid":{"rendered":"https:\/\/areabadalona.com\/diario\/?p=10502"},"modified":"2026-04-28T09:24:19","modified_gmt":"2026-04-28T09:24:19","slug":"lespai-betulia-presenta-el-cicle-el-teatre-i-el-seu-moment-una-proposta-per-entendre-el-teatre-com-a-mirall-de-la-societat","status":"publish","type":"post","link":"https:\/\/areabadalona.com\/diario\/2026\/04\/28\/lespai-betulia-presenta-el-cicle-el-teatre-i-el-seu-moment-una-proposta-per-entendre-el-teatre-com-a-mirall-de-la-societat\/","title":{"rendered":"L\u2019Espai Bet\u00falia presenta el cicle \u201cEl teatre i el seu moment\u201d, una proposta per entendre el teatre com a mirall de la societat"},"content":{"rendered":"\n<p>L\u2019Espai Bet\u00falia. Centre de les paraules i les lletres acollir\u00e0 del 6 de maig al 9 de juny el Cicle de Teatre <strong>\u201cEl teatre i el seu moment\u201d<\/strong>, una proposta cultural que convida a reflexionar sobre el paper del teatre com a mirall dels conflictes socials, pol\u00edtics i morals de cada \u00e8poca hist\u00f2rica.<\/p>\n\n\n\n<p>El cicle proposa un recorregut pels principals models dram\u00e0tics occidentals de base textual, des del teatre elisabeti\u00e0 fins al teatre contemporani, amb l\u2019objectiu d\u2019oferir una mirada rigorosa i divulgativa sobre l\u2019evoluci\u00f3 de la literatura dram\u00e0tica i les arts esc\u00e8niques. La iniciativa neix amb vocaci\u00f3 de continu\u00eftat i s\u2019emmarca en la voluntat de refor\u00e7ar el debat cultural i teatral en una ciutat amb una s\u00f2lida tradici\u00f3 esc\u00e8nica com \u00e9s Badalona.<\/p>\n\n\n\n<p><strong>Cinc sessions amb especialistes de refer\u00e8ncia<\/strong><\/p>\n\n\n\n<p>El cicle inclou cinc confer\u00e8ncies, totes a les 18.30 hores, a c\u00e0rrec de reconeguts experts:<\/p>\n\n\n\n<ul class=\"wp-block-list\">\n<li>Dimecres 6 de maig \u2013 <strong>El teatre elisabeti\u00e0<\/strong>, a c\u00e0rrec de Jordi Coca<\/li>\n\n\n\n<li>Dimecres 13 de maig \u2013 <strong>Del drama burg\u00e8s al teatre rom\u00e0ntic<\/strong>, a c\u00e0rrec de Jordi Jan\u00e9-Llig\u00e9<\/li>\n\n\n\n<li>Dimecres 20 de maig \u2013 <strong>El teatre naturalista<\/strong>, a c\u00e0rrec de Gerard Guerra<\/li>\n\n\n\n<li>Dimecres 27 de maig \u2013 <strong>De les avantguardes al Nou Teatre<\/strong>, a c\u00e0rrec d\u2019Anna Corral Full\u00e0<\/li>\n\n\n\n<li>Dimecres 3 de juny \u2013 <strong>El teatre \u00e8pic<\/strong>, a c\u00e0rrec de Francesc Foguet<\/li>\n<\/ul>\n\n\n\n<p><strong>Activitats complement\u00e0ries<\/strong><\/p>\n\n\n\n<p>La programaci\u00f3 es completa amb dues activitats obertes al p\u00fablic:<\/p>\n\n\n\n<p>Divendres 5 de juny (19 h) \u2013 <strong>Espectacle teatral \u201cEl Ahorcado\u201d i \u201cEstaci\u00f3n Matute\u201d<\/strong>, a c\u00e0rrec de la Cia Katalakaska.<\/p>\n\n\n\n<p>Dimarts 9 de juny (18.30 h) \u2013 <strong>Conversa \u201cEl teatre en primera persona\u201d<\/strong>, amb les dramaturgues i actrius Gemma Bri\u00f3 i Sara Q. Pip\u00f3, moderada per Nil Mart\u00edn.<\/p>\n\n\n\n<p>Totes les activitats s\u00f3n d\u2019entrada lliure fins a completar l\u2019aforament.<\/p>\n\n\n\n<p>M\u00e9s informaci\u00f3:<\/p>\n\n\n\n<figure class=\"wp-block-embed is-type-wp-embed is-provider-espai-bet-lia wp-block-embed-espai-bet-lia\"><div class=\"wp-block-embed__wrapper\">\n<blockquote class=\"wp-embedded-content\" data-secret=\"4WtfADFgGj\"><a href=\"https:\/\/www.espaibetulia.cat\/event\/cicle-de-teatre-el-teatre-i-el-seu-moment\/\">Cicle de teatre &#8220;El teatre i el seu moment&#8221;<\/a><\/blockquote><iframe loading=\"lazy\" class=\"wp-embedded-content\" sandbox=\"allow-scripts\" security=\"restricted\" style=\"position: absolute; visibility: hidden;\" title=\"&#8220;Cicle de teatre &#8220;El teatre i el seu moment&#8221;&#8221; &#8212; Espai Bet\u00falia\" src=\"https:\/\/www.espaibetulia.cat\/event\/cicle-de-teatre-el-teatre-i-el-seu-moment\/embed\/#?secret=SFApBjcycf#?secret=4WtfADFgGj\" data-secret=\"4WtfADFgGj\" width=\"600\" height=\"338\" frameborder=\"0\" marginwidth=\"0\" marginheight=\"0\" scrolling=\"no\"><\/iframe>\n<\/div><\/figure>\n\n\n\n<p><strong>Col\u00b7laboraci\u00f3 acad\u00e8mica<\/strong><\/p>\n\n\n\n<p>El cicle es duu a terme en col\u00b7laboraci\u00f3 amb el CRAE (Centre de Recerca en Arts Esc\u00e8niques de la Universitat Aut\u00f2noma de Barcelona), refor\u00e7ant el vincle entre la divulgaci\u00f3 cultural i la recerca acad\u00e8mica.<\/p>\n\n\n\n<p>L\u2019Espai Bet\u00falia, Centre de la paraula i les lletres, est\u00e0 situat al carrer d&#8217;Enric Borr\u00e0s, 43-47.<\/p>\n","protected":false},"excerpt":{"rendered":"<p>L\u2019Espai Bet\u00falia. Centre de les paraules i les lletres acollir\u00e0 del 6 de maig al 9 de juny el Cicle de Teatre \u201cEl teatre i el seu moment\u201d, una proposta cultural que convida a reflexionar sobre el paper del teatre com a mirall dels conflictes socials, pol\u00edtics i morals de cada \u00e8poca hist\u00f2rica. El cicle [&hellip;]<\/p>\n","protected":false},"author":2,"featured_media":10503,"comment_status":"closed","ping_status":"open","sticky":false,"template":"","format":"standard","meta":{"footnotes":""},"categories":[25],"tags":[],"class_list":{"0":"post-10502","1":"post","2":"type-post","3":"status-publish","4":"format-standard","5":"has-post-thumbnail","7":"category-cultura"},"_links":{"self":[{"href":"https:\/\/areabadalona.com\/diario\/wp-json\/wp\/v2\/posts\/10502","targetHints":{"allow":["GET"]}}],"collection":[{"href":"https:\/\/areabadalona.com\/diario\/wp-json\/wp\/v2\/posts"}],"about":[{"href":"https:\/\/areabadalona.com\/diario\/wp-json\/wp\/v2\/types\/post"}],"author":[{"embeddable":true,"href":"https:\/\/areabadalona.com\/diario\/wp-json\/wp\/v2\/users\/2"}],"replies":[{"embeddable":true,"href":"https:\/\/areabadalona.com\/diario\/wp-json\/wp\/v2\/comments?post=10502"}],"version-history":[{"count":1,"href":"https:\/\/areabadalona.com\/diario\/wp-json\/wp\/v2\/posts\/10502\/revisions"}],"predecessor-version":[{"id":10504,"href":"https:\/\/areabadalona.com\/diario\/wp-json\/wp\/v2\/posts\/10502\/revisions\/10504"}],"wp:featuredmedia":[{"embeddable":true,"href":"https:\/\/areabadalona.com\/diario\/wp-json\/wp\/v2\/media\/10503"}],"wp:attachment":[{"href":"https:\/\/areabadalona.com\/diario\/wp-json\/wp\/v2\/media?parent=10502"}],"wp:term":[{"taxonomy":"category","embeddable":true,"href":"https:\/\/areabadalona.com\/diario\/wp-json\/wp\/v2\/categories?post=10502"},{"taxonomy":"post_tag","embeddable":true,"href":"https:\/\/areabadalona.com\/diario\/wp-json\/wp\/v2\/tags?post=10502"}],"curies":[{"name":"wp","href":"https:\/\/api.w.org\/{rel}","templated":true}]}}