{"id":10497,"date":"2026-04-24T09:17:23","date_gmt":"2026-04-24T09:17:23","guid":{"rendered":"https:\/\/areabadalona.com\/diario\/?p=10497"},"modified":"2026-04-27T09:18:06","modified_gmt":"2026-04-27T09:18:06","slug":"lajuntament-de-badalona-aprova-lampliacio-de-50-noves-places-per-a-la-guardia-urbana","status":"publish","type":"post","link":"https:\/\/areabadalona.com\/diario\/2026\/04\/24\/lajuntament-de-badalona-aprova-lampliacio-de-50-noves-places-per-a-la-guardia-urbana\/","title":{"rendered":"L\u2019Ajuntament de Badalona aprova l\u2019ampliaci\u00f3 de 50 noves places per a la Gu\u00e0rdia Urbana"},"content":{"rendered":"\n<p>El Ple de l\u2019Ajuntament de Badalona ha aprovat avui, en sessi\u00f3 extraordin\u00e0ria, la modificaci\u00f3 de la plantilla de personal municipal per a la creaci\u00f3 de 50 noves places d\u2019agents de la Gu\u00e0rdia Urbana de Badalona.<\/p>\n\n\n\n<p>El Govern municipal ha explicat que l\u2019ampliaci\u00f3 de la plantilla \u00e9s necess\u00e0ria per establir un nou model de policia local orientat a la proximitat ciutadana, aix\u00ed com per a la implantaci\u00f3 i consolidaci\u00f3 de noves l\u00ednies funcionals permanents de servei. En aquest sentit, per al Govern municipal l\u2019ampliaci\u00f3 d\u2019efectius no respon a una q\u00fcesti\u00f3 ideol\u00f2gica, sin\u00f3 a una decisi\u00f3 basada en la responsabilitat i en la necessitat de refor\u00e7ar la policia de proximitat i d\u2019implantar nous serveis permanents, per a la qual cosa cal, en primer lloc, aquesta ampliaci\u00f3 de la plantilla.<\/p>\n\n\n\n<p>En el Ple extraordinari, l\u2019alcalde de Badalona, Xavier Garcia Albiol, ha destacat que \u201cles dades del Departament d\u2019Interior de la Generalitat indiquen que la seguretat a Badalona \u00e9s millor que abans, i els intendents del cos de Mossos d\u2019Esquadra coincideixen que s\u2019est\u00e0 fent una bona feina\u201d. \u201cAix\u00f2 \u00e9s suficient? Evidentment, no. Mentre hi hagi delictes a Badalona no estarem satisfets, i per aix\u00f2 treballem per millorar la seguretat\u201d, ha afegit Garcia Albiol.<\/p>\n\n\n\n<p>En aquest context, l\u2019alcalde ha anunciat que, a banda de l\u2019augment de 50 efectius de la Gu\u00e0rdia Urbana, pr\u00f2ximament es licitar\u00e0 la instal\u00b7laci\u00f3 de 650 c\u00e0meres de seguretat arreu de la ciutat, amb l\u2019objectiu de refor\u00e7ar la prevenci\u00f3 i el control dels delictes. Per concloure, l\u2019alcalde ha assenyalat que \u201cles dades de seguretat a Badalona van a millor, tot i que encara no s\u00f3n les que ens agradarien, i amb mesures com la que hem aprovat avui continuarem avan\u00e7ant en aquesta l\u00ednia de millora\u201d.<\/p>\n\n\n\n<p>El dictamen al ple extraordinari ha estat aprovat amb els vots favorables dels grups municipals de Badalona en Com\u00fa Podem (BeCP), Esquerra Republicana de Catalunya (ERC), Partit dels Socialistes de Catalunya (PSC) i Partit Popular (PP), i amb l\u2019abstenci\u00f3 de Guanyem Badalona (GB).<\/p>\n","protected":false},"excerpt":{"rendered":"<p>El Ple de l\u2019Ajuntament de Badalona ha aprovat avui, en sessi\u00f3 extraordin\u00e0ria, la modificaci\u00f3 de la plantilla de personal municipal per a la creaci\u00f3 de 50 noves places d\u2019agents de la Gu\u00e0rdia Urbana de Badalona. El Govern municipal ha explicat que l\u2019ampliaci\u00f3 de la plantilla \u00e9s necess\u00e0ria per establir un nou model de policia local [&hellip;]<\/p>\n","protected":false},"author":2,"featured_media":8855,"comment_status":"closed","ping_status":"open","sticky":false,"template":"","format":"standard","meta":{"footnotes":""},"categories":[23],"tags":[],"class_list":{"0":"post-10497","1":"post","2":"type-post","3":"status-publish","4":"format-standard","5":"has-post-thumbnail","7":"category-actualitat"},"_links":{"self":[{"href":"https:\/\/areabadalona.com\/diario\/wp-json\/wp\/v2\/posts\/10497","targetHints":{"allow":["GET"]}}],"collection":[{"href":"https:\/\/areabadalona.com\/diario\/wp-json\/wp\/v2\/posts"}],"about":[{"href":"https:\/\/areabadalona.com\/diario\/wp-json\/wp\/v2\/types\/post"}],"author":[{"embeddable":true,"href":"https:\/\/areabadalona.com\/diario\/wp-json\/wp\/v2\/users\/2"}],"replies":[{"embeddable":true,"href":"https:\/\/areabadalona.com\/diario\/wp-json\/wp\/v2\/comments?post=10497"}],"version-history":[{"count":1,"href":"https:\/\/areabadalona.com\/diario\/wp-json\/wp\/v2\/posts\/10497\/revisions"}],"predecessor-version":[{"id":10498,"href":"https:\/\/areabadalona.com\/diario\/wp-json\/wp\/v2\/posts\/10497\/revisions\/10498"}],"wp:featuredmedia":[{"embeddable":true,"href":"https:\/\/areabadalona.com\/diario\/wp-json\/wp\/v2\/media\/8855"}],"wp:attachment":[{"href":"https:\/\/areabadalona.com\/diario\/wp-json\/wp\/v2\/media?parent=10497"}],"wp:term":[{"taxonomy":"category","embeddable":true,"href":"https:\/\/areabadalona.com\/diario\/wp-json\/wp\/v2\/categories?post=10497"},{"taxonomy":"post_tag","embeddable":true,"href":"https:\/\/areabadalona.com\/diario\/wp-json\/wp\/v2\/tags?post=10497"}],"curies":[{"name":"wp","href":"https:\/\/api.w.org\/{rel}","templated":true}]}}