{"id":10494,"date":"2026-04-24T09:16:20","date_gmt":"2026-04-24T09:16:20","guid":{"rendered":"https:\/\/areabadalona.com\/diario\/?p=10494"},"modified":"2026-04-27T09:17:02","modified_gmt":"2026-04-27T09:17:02","slug":"comencen-les-obres-dadequacio-i-millora-del-mercat-torner-de-badalona-amb-una-inversio-d1-milio-deuros","status":"publish","type":"post","link":"https:\/\/areabadalona.com\/diario\/2026\/04\/24\/comencen-les-obres-dadequacio-i-millora-del-mercat-torner-de-badalona-amb-una-inversio-d1-milio-deuros\/","title":{"rendered":"Comencen les obres d\u2019adequaci\u00f3 i millora del Mercat Torner de Badalona, amb una inversi\u00f3 d\u20191 mili\u00f3 d\u2019euros"},"content":{"rendered":"\n<p>Fa pocs dies que s\u2019han iniciat les obres d\u2019adequaci\u00f3 i millora del Mercat Torner de Badalona, una reforma que suposa una inversi\u00f3 d\u20191.026.479,08 euros. Les obres, que executa l\u2019\u00c0rea Metropolitana de Barcelona (AMB) per enc\u00e0rrec de l\u2019Ajuntament de Badalona, tindran una durada aproximada d\u2019un any.<\/p>\n\n\n\n<p>Les obres consistiran en un conjunt d\u2019actuacions de manteniment i millora en la fa\u00e7ana, les entrades i altres elements de l\u2019edifici. A la vegada, aquestes actuacions permetran millorar tamb\u00e9 la integraci\u00f3 de l\u2019edifici en el seu entorn i la qualitat constructiva i es dignificar\u00e0 la seva imatge. Actualment, l\u2019edifici presenta una s\u00e8rie de problemes que s\u2019han agreujat durant les darreres d\u00e8cades a conseq\u00fc\u00e8ncia del pas dels anys i la falta d\u2019inversi\u00f3 i de manteniment general.<\/p>\n\n\n\n<p>Aquesta actuaci\u00f3 es planteja tenint en compte el car\u00e0cter singular de l\u2019edifici, inaugurat l\u2019any 1926 i amb un alt valor patrimonial per a la ciutat. En aquest sentit, les obres milloraran la seva integraci\u00f3 urbana, dignificaran la imatge exterior i incrementaran la qualitat constructiva de l\u2019edifici. La intervenci\u00f3 se centra en la planta baixa i en una de les fa\u00e7anes.<\/p>\n\n\n\n<p>Les obres redefiniran les sis entrades del mercat per refor\u00e7ar-ne la pres\u00e8ncia urbana i la relaci\u00f3 amb l\u2019espai p\u00fablic. Es recupera la imatge original dels xamfrans mitjan\u00e7ant l\u2019eliminaci\u00f3 d\u2019elements afegits amb el pas del temps i es creen nous porxos met\u00e0l\u00b7lics lleugers que s\u2019integren amb la cornisa perimetral de l\u2019edifici. A les entrades laterals, s\u2019ampliaran els accessos i es generaran espais m\u00e9s oberts, accessibles i permeables, amb ajustos puntuals a la distribuci\u00f3 interior del mercat.<\/p>\n\n\n\n<p>Una de les actuacions destacades \u00e9s la substituci\u00f3 de l\u2019actual env\u00e0 pluvial de la fa\u00e7ana del carrer de G\u00fcell i Ferrer per un nou \u201cmur cortina\u201d, un sistema constructiu format per perfils d\u2019acer i doble vidre que no t\u00e9 funci\u00f3 estructural, per\u00f2 que permet millorar la il\u00b7luminaci\u00f3 natural, l\u2019efici\u00e8ncia energ\u00e8tica i la transpar\u00e8ncia visual de l\u2019edifici, refor\u00e7ant la relaci\u00f3 entre l\u2019interior del mercat i l\u2019espai urb\u00e0 exterior.<\/p>\n\n\n\n<p>En total, el projecte preveu actuar sobre 68,50 m\u00b2 de superf\u00edcie de rehabilitaci\u00f3 de les plantes, 257,50 m\u00b2 de rehabilitaci\u00f3 de fa\u00e7anes i 71,80 m\u00b2 de reforma dels espais exteriors coberts. A m\u00e9s, l\u2019actuaci\u00f3 contempla una contribuci\u00f3 del 71,50% a l\u2019\u00fas d\u2019energies renovables, reafirmant el comprom\u00eds amb la sostenibilitat ambiental i l\u2019efici\u00e8ncia energ\u00e8tica.<\/p>\n\n\n\n<p>L\u2019alcalde de Badalona, Xavier Garcia Albiol, ha assegurat que \u201caquestes obres representen un primer pas imprescindible per recuperar el Mercat Torner i posar-lo al dia despr\u00e9s d\u2019anys sense les inversions necess\u00e0ries\u201d. \u201cLa millora dels mercats municipals \u00e9s clau per als barris i per al teixit comercial de la ciutat, per\u00f2 en aquest cas tamb\u00e9 parlem d\u2019un edifici amb un gran valor patrimonial que no es podia continuar deixant deteriorar\u201d, ha afegit.<\/p>\n\n\n\n<p><strong>B\u00e9 cultural d&#8217;inter\u00e8s local<\/strong><\/p>\n\n\n\n<p>L\u2019edifici del Mercat Torner, ubicat al carrer de G\u00fcell i Ferrer del barri del Progr\u00e9s, est\u00e0 declarat B\u00e9 cultural d&#8217;inter\u00e8s local. Va ser constru\u00eft amb ferro i vidre l\u2019any 1926, dissenyat per l&#8217;arquitecte municipal Josep Fradera i Botey i l&#8217;enginyer municipal Enric Casas i Casals. L\u2019edifici, conegut tamb\u00e9 com \u201cla Pla\u00e7a Nova\u201d, \u00e9s un exemple de l\u2019anomenada arquitectura del ferro. El nom de Mercat Torner prov\u00e9 del propietari dels terrenys on es va construir. En l\u2019actualitat el Mercat Municipal Torner disposa de 16 parades.<\/p>\n\n\n\n<p>A m\u00e9s de les obres que ara s\u2019executaran, el Mercat Torner t\u00e9 pendent la resta de rehabilitaci\u00f3 interior de l\u2019edifici, que es far\u00e0 m\u00e9s endavant.<\/p>\n","protected":false},"excerpt":{"rendered":"<p>Fa pocs dies que s\u2019han iniciat les obres d\u2019adequaci\u00f3 i millora del Mercat Torner de Badalona, una reforma que suposa una inversi\u00f3 d\u20191.026.479,08 euros. Les obres, que executa l\u2019\u00c0rea Metropolitana de Barcelona (AMB) per enc\u00e0rrec de l\u2019Ajuntament de Badalona, tindran una durada aproximada d\u2019un any. Les obres consistiran en un conjunt d\u2019actuacions de manteniment i [&hellip;]<\/p>\n","protected":false},"author":2,"featured_media":10495,"comment_status":"closed","ping_status":"open","sticky":false,"template":"","format":"standard","meta":{"footnotes":""},"categories":[23],"tags":[],"class_list":{"0":"post-10494","1":"post","2":"type-post","3":"status-publish","4":"format-standard","5":"has-post-thumbnail","7":"category-actualitat"},"_links":{"self":[{"href":"https:\/\/areabadalona.com\/diario\/wp-json\/wp\/v2\/posts\/10494","targetHints":{"allow":["GET"]}}],"collection":[{"href":"https:\/\/areabadalona.com\/diario\/wp-json\/wp\/v2\/posts"}],"about":[{"href":"https:\/\/areabadalona.com\/diario\/wp-json\/wp\/v2\/types\/post"}],"author":[{"embeddable":true,"href":"https:\/\/areabadalona.com\/diario\/wp-json\/wp\/v2\/users\/2"}],"replies":[{"embeddable":true,"href":"https:\/\/areabadalona.com\/diario\/wp-json\/wp\/v2\/comments?post=10494"}],"version-history":[{"count":1,"href":"https:\/\/areabadalona.com\/diario\/wp-json\/wp\/v2\/posts\/10494\/revisions"}],"predecessor-version":[{"id":10496,"href":"https:\/\/areabadalona.com\/diario\/wp-json\/wp\/v2\/posts\/10494\/revisions\/10496"}],"wp:featuredmedia":[{"embeddable":true,"href":"https:\/\/areabadalona.com\/diario\/wp-json\/wp\/v2\/media\/10495"}],"wp:attachment":[{"href":"https:\/\/areabadalona.com\/diario\/wp-json\/wp\/v2\/media?parent=10494"}],"wp:term":[{"taxonomy":"category","embeddable":true,"href":"https:\/\/areabadalona.com\/diario\/wp-json\/wp\/v2\/categories?post=10494"},{"taxonomy":"post_tag","embeddable":true,"href":"https:\/\/areabadalona.com\/diario\/wp-json\/wp\/v2\/tags?post=10494"}],"curies":[{"name":"wp","href":"https:\/\/api.w.org\/{rel}","templated":true}]}}