{"id":10275,"date":"2026-03-15T10:17:20","date_gmt":"2026-03-15T10:17:20","guid":{"rendered":"https:\/\/areabadalona.com\/diario\/?p=10275"},"modified":"2026-03-16T10:18:05","modified_gmt":"2026-03-16T10:18:05","slug":"lajuntament-publica-un-ban-amb-les-mesures-i-les-prohibicions-per-a-la-prevencio-dincendis-forestals","status":"publish","type":"post","link":"https:\/\/areabadalona.com\/diario\/2026\/03\/15\/lajuntament-publica-un-ban-amb-les-mesures-i-les-prohibicions-per-a-la-prevencio-dincendis-forestals\/","title":{"rendered":"L\u2019Ajuntament publica un ban amb les mesures i les prohibicions per a la prevenci\u00f3 d\u2019incendis forestals"},"content":{"rendered":"\n<p>A partir d\u2019aquest diumenge 15 de mar\u00e7 s\u2019activen les mesures per prevenir els incendis forestals a Badalona. No estar\u00e0 perm\u00e8s encendre foc en terrenys forestals ni en la franja de 500 metres que els envolta, amb algunes excepcions. Tampoc es podran utilitzar bufadors en aquestes zones. Les mesures de prevenci\u00f3 d\u2019incendis estaran en vigor fins al 15 d\u2019octubre i es detallen en un ban municipal.<\/p>\n\n\n\n<p>L\u2019Ajuntament de Badalona ha publicat un ban, signat per l\u2019alcalde de Badalona, Xavier Garcia Albiol, per activar les mesures per prevenir incendis forestals al terme municipal amb l\u2019objectiu d\u2019evitar que el foc pugui afectar els espais naturals. Les mesures s\u2019aplicaran en el per\u00edode compr\u00e8s des del 15 de mar\u00e7 fins al 15 d\u2019octubre, ambd\u00f3s inclosos.<\/p>\n\n\n\n<p>En la resoluci\u00f3 s\u2019especifica que no estar\u00e0 perm\u00e8s encendre foc per a qualsevol tipus d\u2019activitat, sigui quina sigui la seva finalitat, en els terrenys forestals, estiguin o no poblats d\u2019esp\u00e8cies arb\u00f2ries, i a la franja de 500 metres que els envolti. El ban fa especial incid\u00e8ncia en la prohibici\u00f3 de:<\/p>\n\n\n\n<ul class=\"wp-block-list\">\n<li>Cremar rostolls, marges i restes d\u2019aprofitament forestals, agr\u00edcoles o de jardineria.<\/li>\n\n\n\n<li>Fer focs d\u2019esbarjo. Queda exclosa de la prohibici\u00f3 la utilitzaci\u00f3 dels fogons de gas i de barbacoes d\u2019obra amb mataespurnes, sempre que es trobin dins de les \u00e0rees recreatives i d\u2019acampada o b\u00e9 dins de les parcel\u00b7les d\u2019una urbanitzaci\u00f3.<\/li>\n\n\n\n<li>Fer foc per a activitats relacionades amb l\u2019apicultura.<\/li>\n<\/ul>\n\n\n\n<p>Tamb\u00e9 es remarca que no es poden llen\u00e7ar objectes encesos; abocar escombraries i restes vegetals industrials de qualsevol mena que puguin ser causa de l\u2019inici d\u2019un foc; llen\u00e7ar coets, globus, focs d\u2019artifici o altres artefactes que continguin foc i utilitzar bufadors o similars en terrenys forestals.<\/p>\n\n\n\n<p>D\u2019altra banda, la prohibici\u00f3 s\u2019est\u00e9n als treballs que generin restes vegetals i nom\u00e9s s\u2019autoritzar\u00e0 amb car\u00e0cter molt excepcional, tant el fet de fer foc com els treballs forestals.<\/p>\n\n\n\n<p>El ban tamb\u00e9 recorda que les edificacions i instal\u00b7lacions que no tinguin una continu\u00eftat immediata amb la trama urbana i que estiguin situades a menys de 500 m de terrenys forestals han de disposar d\u2019una zona de protecci\u00f3 de 25 m d\u2019amplada a comptar des del per\u00edmetre exterior de les edificacions; i disposar d\u2019una xarxa d\u2019hidrants d\u2019incendi de 100 mm de di\u00e0metre.<\/p>\n\n\n\n<p>En el cas de les urbanitzacions que no tinguin continu\u00eftat immediata amb la trama urbana tamb\u00e9 han de tenir cura de mantenir els vials, les zones d\u2019acc\u00e9s, i les cunetes netes de vegetaci\u00f3 seca; elaborar un pla d\u2019autoprotecci\u00f3 que s\u2019haur\u00e0 d\u2019incorporar al pla municipal d\u2019actuaci\u00f3, d\u2019acord amb el Pla d\u2019emerg\u00e8ncies per a incendis forestals de Catalunya (INFOCAT), i les parcel\u00b7les interiors no edificades han d\u2019estar netes de vegetaci\u00f3 seca.<\/p>\n\n\n\n<p><strong>Col\u00b7laboraci\u00f3 ciutadana i av\u00eds immediat davant qualsevol emerg\u00e8ncia<\/strong><\/p>\n\n\n\n<p>En el ban, l\u2019alcalde fa una crida \u201ca la participaci\u00f3 de tots els ciutadans i ciutadanes en les tasques de prevenci\u00f3 i vigil\u00e0ncia dels possibles incendis, aix\u00ed com en les d\u2019alarma urgent i d\u2019extinci\u00f3 si es produ\u00efssin\u201d. En aquest sentit, es recorda que, a banda d\u2019intentar extingir l\u2019incendi amb tota urg\u00e8ncia si es tenen mitjans, sempre s\u2019haur\u00e0 d\u2019avisar immediatament al tel\u00e8fon d\u2019emerg\u00e8ncies 112.<\/p>\n","protected":false},"excerpt":{"rendered":"<p>A partir d\u2019aquest diumenge 15 de mar\u00e7 s\u2019activen les mesures per prevenir els incendis forestals a Badalona. No estar\u00e0 perm\u00e8s encendre foc en terrenys forestals ni en la franja de 500 metres que els envolta, amb algunes excepcions. Tampoc es podran utilitzar bufadors en aquestes zones. Les mesures de prevenci\u00f3 d\u2019incendis estaran en vigor fins [&hellip;]<\/p>\n","protected":false},"author":1,"featured_media":9367,"comment_status":"closed","ping_status":"open","sticky":false,"template":"","format":"standard","meta":{"footnotes":""},"categories":[23],"tags":[],"class_list":{"0":"post-10275","1":"post","2":"type-post","3":"status-publish","4":"format-standard","5":"has-post-thumbnail","7":"category-actualitat"},"_links":{"self":[{"href":"https:\/\/areabadalona.com\/diario\/wp-json\/wp\/v2\/posts\/10275","targetHints":{"allow":["GET"]}}],"collection":[{"href":"https:\/\/areabadalona.com\/diario\/wp-json\/wp\/v2\/posts"}],"about":[{"href":"https:\/\/areabadalona.com\/diario\/wp-json\/wp\/v2\/types\/post"}],"author":[{"embeddable":true,"href":"https:\/\/areabadalona.com\/diario\/wp-json\/wp\/v2\/users\/1"}],"replies":[{"embeddable":true,"href":"https:\/\/areabadalona.com\/diario\/wp-json\/wp\/v2\/comments?post=10275"}],"version-history":[{"count":1,"href":"https:\/\/areabadalona.com\/diario\/wp-json\/wp\/v2\/posts\/10275\/revisions"}],"predecessor-version":[{"id":10276,"href":"https:\/\/areabadalona.com\/diario\/wp-json\/wp\/v2\/posts\/10275\/revisions\/10276"}],"wp:featuredmedia":[{"embeddable":true,"href":"https:\/\/areabadalona.com\/diario\/wp-json\/wp\/v2\/media\/9367"}],"wp:attachment":[{"href":"https:\/\/areabadalona.com\/diario\/wp-json\/wp\/v2\/media?parent=10275"}],"wp:term":[{"taxonomy":"category","embeddable":true,"href":"https:\/\/areabadalona.com\/diario\/wp-json\/wp\/v2\/categories?post=10275"},{"taxonomy":"post_tag","embeddable":true,"href":"https:\/\/areabadalona.com\/diario\/wp-json\/wp\/v2\/tags?post=10275"}],"curies":[{"name":"wp","href":"https:\/\/api.w.org\/{rel}","templated":true}]}}