{"id":10272,"date":"2026-03-16T10:13:56","date_gmt":"2026-03-16T10:13:56","guid":{"rendered":"https:\/\/areabadalona.com\/diario\/?p=10272"},"modified":"2026-03-16T10:13:59","modified_gmt":"2026-03-16T10:13:59","slug":"badalona-en-comu-es-reorganitza-per-al-2027-reivindicant-una-altra-manera-de-fer-politica","status":"publish","type":"post","link":"https:\/\/areabadalona.com\/diario\/2026\/03\/16\/badalona-en-comu-es-reorganitza-per-al-2027-reivindicant-una-altra-manera-de-fer-politica\/","title":{"rendered":"Badalona en Com\u00fa es reorganitza per al 2027 reivindicant \u201cuna altra manera de fer pol\u00edtica\u201d"},"content":{"rendered":"\n<p>Badalona en Com\u00fa ha celebrat aquest cap de setmana la seva <strong>IV Confer\u00e8ncia local<\/strong>, una trobada pol\u00edtica i organitzativa que ha servit per renovar l\u2019executiva del partit i refor\u00e7ar el projecte municipalista de cara al cicle pol\u00edtic que culminar\u00e0 amb les eleccions municipals de 2027. La confer\u00e8ncia ha finalitzat amb la intervenci\u00f3 de les <strong>cocoordinadores de Badalona en Com\u00fa, F\u00e0tima Alias i A\u00efda Llaurad\u00f3<\/strong>, que han defensat \u201c<strong>una altra manera de fer pol\u00edtica, amb drets i serveis p\u00fablics<\/strong>\u201d, davant el model de ciutat que representa el govern de Xavier Garc\u00eda Albiol.<\/p>\n\n\n\n<p>La coordinadora de Badalona en Com\u00fa, <strong>F\u00e0tima Alias<\/strong>, s\u2019estrena al c\u00e0rrec, i ha situat la confer\u00e8ncia com un punt de partida per continuar enfortint l\u2019organitzaci\u00f3 i ampliar el projecte pol\u00edtic dels comuns a la ciutat.&nbsp;<\/p>\n\n\n\n<p>Alias ha defensat que el projecte dels comuns neix \u201c<strong><em>de la gent comuna organitzada<\/em><\/strong>\u201d i ha alertat del risc que suposa l\u2019aven\u00e7 de l\u2019extrema dreta tamb\u00e9 a escala local. \u201c<strong><em>L\u2019extrema dreta creix quan aconsegueix dividir la classe treballadora i fer-nos creure que el problema \u00e9s el ve\u00ed o la ve\u00efna. Davant d\u2019aix\u00f2, la nostra resposta \u00e9s forma: explicar, conv\u00e8ncer i organitzar-nos per defensar els drets de la majoria social<\/em><\/strong>\u201d, ha assegurat.&nbsp;<\/p>\n\n\n\n<p>La dirigent dels comuns tamb\u00e9 ha reivindicat el paper de les entitats socials, ve\u00efnals, feministes i sindicals de la ciutat i ha remarcat que la pol\u00edtica transformadora \u201c<strong><em>no comen\u00e7a a les institucions, sin\u00f3 als barris, a la comunitat i a l\u2019organitzaci\u00f3 col\u00b7lectiva de la gent<\/em><\/strong>\u201d.<\/p>\n\n\n\n<p>Per la seva banda, la tamb\u00e9 cocoordinadora de Badalona en Com\u00fa i <strong>presidenta del grup municipal, A\u00efda Llaurad\u00f3<\/strong>, ha fet balan\u00e7 dels primers anys de mandat municipal i ha criticat el model de govern del Partit Popular a la ciutat. \u201c<strong><em>Badalona est\u00e0 vivint una etapa marcada per grans anuncis i promeses que no arriben mai, mentre molts projectes queden encallats i la ciutat pateix una deixadesa preocupant<\/em><\/strong>\u201d, ha afirmat.&nbsp;<\/p>\n\n\n\n<p>La dirigent dels comuns tamb\u00e9 ha reivindicat la feina feta des de l\u2019oposici\u00f3 per defensar drets i serveis p\u00fablics. \u201c<strong><em>Hem treballat amb les entitats, hem presentat propostes i hem aconseguit vict\u00f2ries importants, com la defensa del dret a l\u2019habitatge o la recuperaci\u00f3 del servei del SIAD perqu\u00e8 les dones de Badalona tornin a tenir-hi acc\u00e9s lliure<\/em><\/strong>\u201d, ha recordat.<\/p>\n\n\n\n<p>En la recta final de la confer\u00e8ncia, Llaurad\u00f3 ha insistit que la ciutat necessita un projecte pol\u00edtic que posi els drets i la vida quotidiana de la gent al centre. <strong>\u201cNo ens hem de conformar. Badalona pot ser una ciutat de drets que cuidi la seva gent, i ho demostrarem: s\u00ed que hi ha una altra manera de governar.\u201d<\/strong><\/p>\n\n\n\n<p><strong>Equip de Comunicaci\u00f3<\/strong> <strong>Badalona En Com\u00fa<\/strong><\/p>\n","protected":false},"excerpt":{"rendered":"<p>Badalona en Com\u00fa ha celebrat aquest cap de setmana la seva IV Confer\u00e8ncia local, una trobada pol\u00edtica i organitzativa que ha servit per renovar l\u2019executiva del partit i refor\u00e7ar el projecte municipalista de cara al cicle pol\u00edtic que culminar\u00e0 amb les eleccions municipals de 2027. La confer\u00e8ncia ha finalitzat amb la intervenci\u00f3 de les cocoordinadores [&hellip;]<\/p>\n","protected":false},"author":2,"featured_media":10273,"comment_status":"closed","ping_status":"open","sticky":false,"template":"","format":"standard","meta":{"footnotes":""},"categories":[23],"tags":[],"class_list":{"0":"post-10272","1":"post","2":"type-post","3":"status-publish","4":"format-standard","5":"has-post-thumbnail","7":"category-actualitat"},"_links":{"self":[{"href":"https:\/\/areabadalona.com\/diario\/wp-json\/wp\/v2\/posts\/10272","targetHints":{"allow":["GET"]}}],"collection":[{"href":"https:\/\/areabadalona.com\/diario\/wp-json\/wp\/v2\/posts"}],"about":[{"href":"https:\/\/areabadalona.com\/diario\/wp-json\/wp\/v2\/types\/post"}],"author":[{"embeddable":true,"href":"https:\/\/areabadalona.com\/diario\/wp-json\/wp\/v2\/users\/2"}],"replies":[{"embeddable":true,"href":"https:\/\/areabadalona.com\/diario\/wp-json\/wp\/v2\/comments?post=10272"}],"version-history":[{"count":1,"href":"https:\/\/areabadalona.com\/diario\/wp-json\/wp\/v2\/posts\/10272\/revisions"}],"predecessor-version":[{"id":10274,"href":"https:\/\/areabadalona.com\/diario\/wp-json\/wp\/v2\/posts\/10272\/revisions\/10274"}],"wp:featuredmedia":[{"embeddable":true,"href":"https:\/\/areabadalona.com\/diario\/wp-json\/wp\/v2\/media\/10273"}],"wp:attachment":[{"href":"https:\/\/areabadalona.com\/diario\/wp-json\/wp\/v2\/media?parent=10272"}],"wp:term":[{"taxonomy":"category","embeddable":true,"href":"https:\/\/areabadalona.com\/diario\/wp-json\/wp\/v2\/categories?post=10272"},{"taxonomy":"post_tag","embeddable":true,"href":"https:\/\/areabadalona.com\/diario\/wp-json\/wp\/v2\/tags?post=10272"}],"curies":[{"name":"wp","href":"https:\/\/api.w.org\/{rel}","templated":true}]}}