{"id":10269,"date":"2026-03-13T10:44:47","date_gmt":"2026-03-13T10:44:47","guid":{"rendered":"https:\/\/areabadalona.com\/diario\/?p=10269"},"modified":"2026-03-13T10:44:48","modified_gmt":"2026-03-13T10:44:48","slug":"loficina-municipal-dinformacio-al-consumidor-omic-surt-al-carrer-amb-motiu-del-dia-mundial-dels-drets-dels-consumidors","status":"publish","type":"post","link":"https:\/\/areabadalona.com\/diario\/2026\/03\/13\/loficina-municipal-dinformacio-al-consumidor-omic-surt-al-carrer-amb-motiu-del-dia-mundial-dels-drets-dels-consumidors\/","title":{"rendered":"L&#8217;Oficina Municipal d&#8217;Informaci\u00f3 al Consumidor (OMIC) surt al carrer amb motiu del Dia Mundial dels Drets dels Consumidors"},"content":{"rendered":"\n<p>Amb motiu del Dia Mundial dels Drets dels Consumidors, l\u2019Oficina Municipal d\u2019Informaci\u00f3 al Consumidor (OMIC) de Badalona situar\u00e0 avui divendres 13 de mar\u00e7 un punt m\u00f2bil d\u2019atenci\u00f3 a la ciutadania, el qual s\u2019ubicar\u00e0 a l\u2019avinguda de Mart\u00ed Pujol amb el passatge de Maignon. Aquesta iniciativa compta amb el suport de la Diputaci\u00f3 de Barcelona.<\/p>\n\n\n\n<p>El personal t\u00e8cnic de l\u2019Ajuntament de Badalona oferir\u00e0 assessorament i resoldr\u00e0 dubtes a les persones que s\u2019adrecin a la unitat m\u00f2bil, que estar\u00e0 operativa de 9.30 a 13.30 hores.<\/p>\n\n\n\n<p>En l\u2019edici\u00f3 de 2026 del Dia Mundial dels Drets dels Consumidors, la Diputaci\u00f3 de Barcelona i els municipis participants, entre ells Badalona, volen impulsar l\u2019\u00fas del catal\u00e0 en les relacions de consum quotidianes amb l\u2019objectiu de refor\u00e7ar la confian\u00e7a, la transpar\u00e8ncia i el sentiment de comunitat, tot promovent la pres\u00e8ncia de la llengua catalana als establiments i a les empreses.<\/p>\n","protected":false},"excerpt":{"rendered":"<p>Amb motiu del Dia Mundial dels Drets dels Consumidors, l\u2019Oficina Municipal d\u2019Informaci\u00f3 al Consumidor (OMIC) de Badalona situar\u00e0 avui divendres 13 de mar\u00e7 un punt m\u00f2bil d\u2019atenci\u00f3 a la ciutadania, el qual s\u2019ubicar\u00e0 a l\u2019avinguda de Mart\u00ed Pujol amb el passatge de Maignon. Aquesta iniciativa compta amb el suport de la Diputaci\u00f3 de Barcelona. El [&hellip;]<\/p>\n","protected":false},"author":2,"featured_media":10270,"comment_status":"closed","ping_status":"open","sticky":false,"template":"","format":"standard","meta":{"footnotes":""},"categories":[24],"tags":[],"class_list":{"0":"post-10269","1":"post","2":"type-post","3":"status-publish","4":"format-standard","5":"has-post-thumbnail","7":"category-societat"},"_links":{"self":[{"href":"https:\/\/areabadalona.com\/diario\/wp-json\/wp\/v2\/posts\/10269","targetHints":{"allow":["GET"]}}],"collection":[{"href":"https:\/\/areabadalona.com\/diario\/wp-json\/wp\/v2\/posts"}],"about":[{"href":"https:\/\/areabadalona.com\/diario\/wp-json\/wp\/v2\/types\/post"}],"author":[{"embeddable":true,"href":"https:\/\/areabadalona.com\/diario\/wp-json\/wp\/v2\/users\/2"}],"replies":[{"embeddable":true,"href":"https:\/\/areabadalona.com\/diario\/wp-json\/wp\/v2\/comments?post=10269"}],"version-history":[{"count":1,"href":"https:\/\/areabadalona.com\/diario\/wp-json\/wp\/v2\/posts\/10269\/revisions"}],"predecessor-version":[{"id":10271,"href":"https:\/\/areabadalona.com\/diario\/wp-json\/wp\/v2\/posts\/10269\/revisions\/10271"}],"wp:featuredmedia":[{"embeddable":true,"href":"https:\/\/areabadalona.com\/diario\/wp-json\/wp\/v2\/media\/10270"}],"wp:attachment":[{"href":"https:\/\/areabadalona.com\/diario\/wp-json\/wp\/v2\/media?parent=10269"}],"wp:term":[{"taxonomy":"category","embeddable":true,"href":"https:\/\/areabadalona.com\/diario\/wp-json\/wp\/v2\/categories?post=10269"},{"taxonomy":"post_tag","embeddable":true,"href":"https:\/\/areabadalona.com\/diario\/wp-json\/wp\/v2\/tags?post=10269"}],"curies":[{"name":"wp","href":"https:\/\/api.w.org\/{rel}","templated":true}]}}