{"id":10264,"date":"2026-03-12T15:41:00","date_gmt":"2026-03-12T15:41:00","guid":{"rendered":"https:\/\/areabadalona.com\/diario\/?p=10264"},"modified":"2026-03-13T10:43:00","modified_gmt":"2026-03-13T10:43:00","slug":"el-6e-jugador-es-la-figura-escollida-com-a-dimoni-de-les-festes-de-maig-2026-per-reivindicar-que-badalona-es-el-bressol-del-basquet","status":"publish","type":"post","link":"https:\/\/areabadalona.com\/diario\/2026\/03\/12\/el-6e-jugador-es-la-figura-escollida-com-a-dimoni-de-les-festes-de-maig-2026-per-reivindicar-que-badalona-es-el-bressol-del-basquet\/","title":{"rendered":"\u201cEl 6\u00e8 jugador\u201d \u00e9s la figura escollida com a Dimoni de les Festes de Maig 2026 per reivindicar que Badalona \u00e9s el bressol del b\u00e0squet"},"content":{"rendered":"\n<p>La ciutat de Badalona \u00e9s coneguda arreu per ser el \u201cbressol del basquetbol\u201d. Aquest any la ic\u00f2nica figura del Dimoni, que es plantar\u00e0 a la platja dels Pescadors i es cremar\u00e0 la nit del 10 de maig com a acte central de les Festes de Maig 2026, ser\u00e0 \u201cEl 6\u00e8 jugador\u201d. Es tracta de la figura d\u2019un dimoni que \u00e9s una picada d\u2019ullet a la tradici\u00f3 basquetbolista de la ciutat en un mes de maig que coincideix amb la celebraci\u00f3 de la Final Four de la Basketball Champions League al Palau Municipal d\u2019Esports que, del 7 al 9 de maig, acollir\u00e0 4 dels millors equips del b\u00e0squet europeu.<\/p>\n\n\n\n<p>El disseny del Dimoni \u201cEl 6\u00e8 jugador\u201d \u00e9s obra d\u2019\u00c0lex Prats Corbalan, guanyador del vint-i-set\u00e8 concurs Crema\u2019l tu!, Premi de Disseny del Dimoni de Badalona. \u00c9s un dimoni que mant\u00e9 el seu color vermell tradicional, per\u00f2 que representa el basquetbol d\u2019una manera divertida amb la seva figura atrapada dins una cistella i amb una samarreta inspirada en la figura de l\u2019An\u00eds del Mono. L\u2019autor destaca que \u201cla ciutat rebr\u00e0 molts visitants d\u2019arreu d\u2019Europa i no hi ha millor manera de demostrar la import\u00e0ncia del b\u00e0squet a la ciutat que tenir un dimoni que representi la relaci\u00f3 de Badalona amb aquest esport\u201d.<\/p>\n\n\n\n<p>La construcci\u00f3 del Dimoni anir\u00e0 a c\u00e0rrec de Carles Piera, escultor amb una traject\u00f2ria s\u00f2lida, reconeguda i una \u00e0mplia experi\u00e8ncia art\u00edstica que combina amb la utilitzaci\u00f3 de noves t\u00e8cniques que, juntament amb el manteniment de la tradicional estructura de fusta, permetran gaudir de la m\u00e0xima fidelitat possible de la figura amb el disseny original.<\/p>\n\n\n\n<figure class=\"wp-block-gallery has-nested-images columns-default is-cropped td-modal-on-gallery wp-block-gallery-1 is-layout-flex wp-block-gallery-is-layout-flex\">\n<figure class=\"wp-block-image size-large\"><img loading=\"lazy\" decoding=\"async\" width=\"819\" height=\"1024\" data-id=\"10265\" src=\"https:\/\/areabadalona.com\/diario\/wp-content\/uploads\/2026\/03\/dimoni_2026-819x1024.jpg\" alt=\"\" class=\"wp-image-10265\" srcset=\"https:\/\/areabadalona.com\/diario\/wp-content\/uploads\/2026\/03\/dimoni_2026-819x1024.jpg 819w, https:\/\/areabadalona.com\/diario\/wp-content\/uploads\/2026\/03\/dimoni_2026-240x300.jpg 240w, https:\/\/areabadalona.com\/diario\/wp-content\/uploads\/2026\/03\/dimoni_2026-768x960.jpg 768w, https:\/\/areabadalona.com\/diario\/wp-content\/uploads\/2026\/03\/dimoni_2026-150x188.jpg 150w, https:\/\/areabadalona.com\/diario\/wp-content\/uploads\/2026\/03\/dimoni_2026-300x375.jpg 300w, https:\/\/areabadalona.com\/diario\/wp-content\/uploads\/2026\/03\/dimoni_2026-696x870.jpg 696w, https:\/\/areabadalona.com\/diario\/wp-content\/uploads\/2026\/03\/dimoni_2026.jpg 960w\" sizes=\"auto, (max-width: 819px) 100vw, 819px\" \/><\/figure>\n\n\n\n<figure class=\"wp-block-image size-large\"><img loading=\"lazy\" decoding=\"async\" width=\"819\" height=\"1024\" data-id=\"10266\" src=\"https:\/\/areabadalona.com\/diario\/wp-content\/uploads\/2026\/03\/festesdemaig_cartell26-819x1024.jpg\" alt=\"\" class=\"wp-image-10266\" srcset=\"https:\/\/areabadalona.com\/diario\/wp-content\/uploads\/2026\/03\/festesdemaig_cartell26-819x1024.jpg 819w, https:\/\/areabadalona.com\/diario\/wp-content\/uploads\/2026\/03\/festesdemaig_cartell26-240x300.jpg 240w, https:\/\/areabadalona.com\/diario\/wp-content\/uploads\/2026\/03\/festesdemaig_cartell26-768x960.jpg 768w, https:\/\/areabadalona.com\/diario\/wp-content\/uploads\/2026\/03\/festesdemaig_cartell26-150x188.jpg 150w, https:\/\/areabadalona.com\/diario\/wp-content\/uploads\/2026\/03\/festesdemaig_cartell26-300x375.jpg 300w, https:\/\/areabadalona.com\/diario\/wp-content\/uploads\/2026\/03\/festesdemaig_cartell26-696x870.jpg 696w, https:\/\/areabadalona.com\/diario\/wp-content\/uploads\/2026\/03\/festesdemaig_cartell26.jpg 960w\" sizes=\"auto, (max-width: 819px) 100vw, 819px\" \/><\/figure>\n<\/figure>\n\n\n\n<p><strong>Un mocador per l\u2019orgull de ciutat<\/strong><\/p>\n\n\n\n<p>El mocador de les Festes de Maig 2026 ser\u00e0 de color rosa fosc i portar\u00e0 el lema &#8216;Orgullosament #Badalona&#8217; estampat en color blanc, juntament amb logo de les Festes de Maig. Amb aquest mocador es vol refermar el sentiment de pertinen\u00e7a i l&#8217;orgull de ciutat de tots els badalonins i badalonines.<\/p>\n\n\n\n<p>En total es faran 100.000 unitats de mocadors, 25.000 m\u00e9s que l\u2019any passat, que es comen\u00e7aran a vendre el dia de Sant Jordi a l\u2019estand de l\u2019Oficina de Turisme i als punts habituals. Aquest any, els ciutadans es podran fer amb el mocador tamb\u00e9 en un punt de venda que s\u2019instal\u00b7lar\u00e0 a tocar del Dimoni que es plantar\u00e0, com \u00e9s tradicional, a la platja dels Pescadors.<\/p>\n\n\n\n<p><strong>Un cartell per vincular tots els barris de la ciutat dins la festa<\/strong><\/p>\n\n\n\n<p>El cartell oficial de les Festes de Maig 2026 \u00e9s obra d\u2019Andrea Macias, Guillem Vida\u00f1a i Carlota Daura, estudiants de l\u2019Escola d\u2019Art Pau Gargallo. El disseny t\u00e9 com a element central una representaci\u00f3 de la Cremada del Dimoni, punt culminant de les festes. Al seu voltant apareixen il\u00b7lustrats diferents llocs emblem\u00e0tics de la ciutat amb la voluntat de vincular tots els barris dins la festa. Els creadors del cartell han explicat que, en conjunt, el cartell simbolitza la reuni\u00f3 dels ve\u00efns gaudint de les Festes de Maig plegats.&nbsp;<\/p>\n\n\n\n<p>La presentaci\u00f3 del Dimoni, el disseny del cartell i el mocador de les Festes de Maig de Badalona 2026 s\u2019ha fet aquest dijous al mat\u00ed a la sala de premsa de l\u2019edifici El Viver. L\u2019acte ha comptat amb la pres\u00e8ncia de l\u2019alcalde de Badalona, Xavier Garcia Albiol; de la primera tinenta d\u2019alcaldia, Cristina Ag\u00fcera; de la regidora de Cultura, Vanesa Gonz\u00e1lez, i dels autors dels dissenys guanyadors del cartell (Andrea Macias, Guillem Vida\u00f1a i Carlota Daura) i del dimoni de les Festes de Maig 2026 (\u00c0lex Prats). Tamb\u00e9 ha assistit l\u2019encarregat de la construcci\u00f3 del Dimoni, Carles Piera.<\/p>\n\n\n\n<p>L\u2019alcalde, Xavier Garcia Albiol, ha destacat que \u201cels dissenys del mocador, el dimoni i el cartell de les Festes de Maig 2026 fan visibles els principals actius i s\u00edmbols de Badalona\u00bb i ha valorat tamb\u00e9 el fet que \u00abfan refer\u00e8ncia a diferents punts emblem\u00e0tics dels barris\u201d. L\u2019alcalde ha afegit que \u201caquests elements tamb\u00e9 refermen el sentiment de pertinen\u00e7a i d\u2019orgull de ciutat dels badalonins i badalonines, unes emocions que durant les Festes de Maig s\u2019estenen a tots els racons de la ciutat\u201d.<\/p>\n","protected":false},"excerpt":{"rendered":"<p>La ciutat de Badalona \u00e9s coneguda arreu per ser el \u201cbressol del basquetbol\u201d. Aquest any la ic\u00f2nica figura del Dimoni, que es plantar\u00e0 a la platja dels Pescadors i es cremar\u00e0 la nit del 10 de maig com a acte central de les Festes de Maig 2026, ser\u00e0 \u201cEl 6\u00e8 jugador\u201d. Es tracta de la [&hellip;]<\/p>\n","protected":false},"author":2,"featured_media":10267,"comment_status":"closed","ping_status":"open","sticky":false,"template":"","format":"standard","meta":{"footnotes":""},"categories":[25],"tags":[],"class_list":{"0":"post-10264","1":"post","2":"type-post","3":"status-publish","4":"format-standard","5":"has-post-thumbnail","7":"category-cultura"},"_links":{"self":[{"href":"https:\/\/areabadalona.com\/diario\/wp-json\/wp\/v2\/posts\/10264","targetHints":{"allow":["GET"]}}],"collection":[{"href":"https:\/\/areabadalona.com\/diario\/wp-json\/wp\/v2\/posts"}],"about":[{"href":"https:\/\/areabadalona.com\/diario\/wp-json\/wp\/v2\/types\/post"}],"author":[{"embeddable":true,"href":"https:\/\/areabadalona.com\/diario\/wp-json\/wp\/v2\/users\/2"}],"replies":[{"embeddable":true,"href":"https:\/\/areabadalona.com\/diario\/wp-json\/wp\/v2\/comments?post=10264"}],"version-history":[{"count":1,"href":"https:\/\/areabadalona.com\/diario\/wp-json\/wp\/v2\/posts\/10264\/revisions"}],"predecessor-version":[{"id":10268,"href":"https:\/\/areabadalona.com\/diario\/wp-json\/wp\/v2\/posts\/10264\/revisions\/10268"}],"wp:featuredmedia":[{"embeddable":true,"href":"https:\/\/areabadalona.com\/diario\/wp-json\/wp\/v2\/media\/10267"}],"wp:attachment":[{"href":"https:\/\/areabadalona.com\/diario\/wp-json\/wp\/v2\/media?parent=10264"}],"wp:term":[{"taxonomy":"category","embeddable":true,"href":"https:\/\/areabadalona.com\/diario\/wp-json\/wp\/v2\/categories?post=10264"},{"taxonomy":"post_tag","embeddable":true,"href":"https:\/\/areabadalona.com\/diario\/wp-json\/wp\/v2\/tags?post=10264"}],"curies":[{"name":"wp","href":"https:\/\/api.w.org\/{rel}","templated":true}]}}