{"id":10254,"date":"2026-03-11T10:28:45","date_gmt":"2026-03-11T10:28:45","guid":{"rendered":"https:\/\/areabadalona.com\/diario\/?p=10254"},"modified":"2026-03-13T10:32:55","modified_gmt":"2026-03-13T10:32:55","slug":"badalona-comencara-aquest-any-la-transformacio-completa-i-modernitzacio-de-lhospital-municipal-amb-una-inversio-de-125-milions-deuros","status":"publish","type":"post","link":"https:\/\/areabadalona.com\/diario\/2026\/03\/11\/badalona-comencara-aquest-any-la-transformacio-completa-i-modernitzacio-de-lhospital-municipal-amb-una-inversio-de-125-milions-deuros\/","title":{"rendered":"Badalona comen\u00e7ar\u00e0 aquest any la transformaci\u00f3 completa i modernitzaci\u00f3 de l\u2019Hospital Municipal, amb una inversi\u00f3\u00a0 de 12,5 milions d\u2019euros"},"content":{"rendered":"\n<p>Les obres d\u2019ampliaci\u00f3 i modernitzaci\u00f3 del l\u2019Hospital Municipal de Badalona (HMB) comen\u00e7aran durant l\u2019\u00faltim trimestre de 2026. La primera de les dues fases en qu\u00e8 es divideixen els treballs durar\u00e0 com a m\u00ednim dos anys, comportar\u00e0 una inversi\u00f3 de 12,5 milions d\u2019euros i suposar\u00e0 la transformaci\u00f3 m\u00e9s important de l\u2019equipament, gestionat per l\u2019organitzaci\u00f3 sanit\u00e0ria municipal Badalona Serveis Assistencials (BSA), en m\u00e9s de tres d\u00e8cades. El projecte permetr\u00e0 millorar els serveis per als pacients i les condicions per als professionals sanitaris.<\/p>\n\n\n\n<p>La primera fase suposar\u00e0, entre altres actuacions, la reforma integral de l\u2019\u00c0rea Quir\u00fargica, a la qual el Servei Catal\u00e0 de la Salut t\u00e9 previst destinar 4 milions d\u2019euros en equipament. Tamb\u00e9 la centralitzaci\u00f3 de dispositius com l\u2019Hospital de dia, la reubicaci\u00f3 de la cafeteria -que guanyar\u00e0 un acc\u00e9s directe des de l\u2019exterior-, la modernitzaci\u00f3 del sistema de climatitzaci\u00f3, l\u2019actualitzaci\u00f3 dels vestuaris del personal i la renovaci\u00f3 de la sala d\u2019actes. Les obres s\u2019executaran per etapes per minimitzar l\u2019impacte en l\u2019activitat assistencial.<\/p>\n\n\n\n<p>La segona fase dels treballs preveu la millora funcional i d\u2019humanitzaci\u00f3 de l\u2019\u00c0rea d\u2019Hospitalitzaci\u00f3, fet que elevar\u00e0 la inversi\u00f3 total al centre fins als gaireb\u00e9 20 milions d\u2019euros.<\/p>\n\n\n\n<p>L\u2019edifici actual de l\u2019HMB, un dels m\u00e9s de setze dispositius assistencials gestionats per BSA, es va inaugurar fa m\u00e9s de 30 anys.<\/p>\n\n\n\n<p><strong>M\u00e9s modern, m\u00e9s espai<\/strong><\/p>\n\n\n\n<p>A banda de la millora interior que afectar\u00e0 gaireb\u00e9 3.000 m2 de l\u2019edifici, el projecte suposar\u00e0 augmentar la superf\u00edcie del centre en 855 m2. Es far\u00e0 una remunta de dues plantes (a la zona de Consultes Externes actual), que acollir\u00e0 el Servei de Laboratori, Consultes Externes i Rober. Tamb\u00e9es guanyar\u00e0 superf\u00edcie, que es destinar\u00e0 a espais de treball dels professionals, en el pati interior situat a les plantes segona, tercera i quarta de l\u2019Hospital.<\/p>\n\n\n\n<p>La reestructuraci\u00f3 permetr\u00e0 un increment de la capacitat assistencial mitjan\u00e7ant dues sales d\u2019endosc\u00f2pies addicionals, dues consultes externes m\u00e9s i set llits nous d\u2019hospitalitzaci\u00f3. De fet, l\u2019adequaci\u00f3 funcional dels quatre quir\u00f2fans actuals oferir\u00e0 la possibilitat de disposar-ne d\u2019un cinqu\u00e8. D\u2019aquesta forma es donar\u00e0 resposta a la necessitat creixent de procediments quir\u00fargics i de proves diagn\u00f2stiques, especialment en un context d\u2019envelliment de la poblaci\u00f3.<\/p>\n\n\n\n<div><a href=\"https:\/\/areabadalona.com\/diario\/wp-content\/uploads\/2026\/03\/ampliacio-Hospital-1024x683.jpg\" class=\"td-modal-image\"><figure class=\"wp-block-image size-large\"><img loading=\"lazy\" decoding=\"async\" width=\"1024\" height=\"683\" src=\"https:\/\/areabadalona.com\/diario\/wp-content\/uploads\/2026\/03\/ampliacio-Hospital-1024x683.jpg\" alt=\"\" class=\"wp-image-10256\" srcset=\"https:\/\/areabadalona.com\/diario\/wp-content\/uploads\/2026\/03\/ampliacio-Hospital-1024x683.jpg 1024w, https:\/\/areabadalona.com\/diario\/wp-content\/uploads\/2026\/03\/ampliacio-Hospital-300x200.jpg 300w, https:\/\/areabadalona.com\/diario\/wp-content\/uploads\/2026\/03\/ampliacio-Hospital-768x512.jpg 768w, https:\/\/areabadalona.com\/diario\/wp-content\/uploads\/2026\/03\/ampliacio-Hospital-150x100.jpg 150w, https:\/\/areabadalona.com\/diario\/wp-content\/uploads\/2026\/03\/ampliacio-Hospital-696x464.jpg 696w, https:\/\/areabadalona.com\/diario\/wp-content\/uploads\/2026\/03\/ampliacio-Hospital-1068x712.jpg 1068w, https:\/\/areabadalona.com\/diario\/wp-content\/uploads\/2026\/03\/ampliacio-Hospital.jpg 1200w\" sizes=\"auto, (max-width: 1024px) 100vw, 1024px\" \/><\/figure><\/a><\/div>\n\n\n\n<p><strong>M\u00e9s de 90 anys d\u2019hist\u00f2ria<\/strong><\/p>\n\n\n\n<p>El projecte s\u2019ha presentat avui durant l\u2019acte \u201cEl nou Hospital Municipal de Badalona: un comprom\u00eds amb el futur\u201d, que ha anat a c\u00e0rrec de l\u2019alcalde de Badalona, Xavier Garcia Albiol, la gerenta de la Regi\u00f3 Sanit\u00e0ria Barcelona Metropolitana Nord del Servei Catal\u00e0 de la Salut, Candela Calle, i el gerent de Badalona Serveis Assistencials, Toni Salas, i s\u2019ha celebrat al Badalona Centre Internacional de Negocis.<\/p>\n\n\n\n<p>Durant l\u2019acte s\u2019ha fet un recorregut cronol\u00f2gic per la traject\u00f2ria de l\u2019Hospital Municipal, equipament sanitari que es va inaugurar el 17 de gener del 1932 i que forma part de la hist\u00f2ria de diverses generacions de badalonins i badalonines. Un centre que va ser la llavor de la Badalona Serveis Assistencials actual.<\/p>\n\n\n\n<p>L\u2019alcalde de Badalona, Xavier Garcia Albiol, ha destacat la import\u00e0ncia d\u2019aquesta actuaci\u00f3 per al futur del centre i de la ciutat, recordant que \u201c\u00e9s la primera gran reforma que es fa en aquest hospital en trenta anys\u201d. Tamb\u00e9 ha assenyalat que el primer impuls a aquest projecte es va donar durant el seu mandat l\u2019any 2021 i que ara es fa realitat. En aquest sentit, l\u2019alcalde ha remarcat que la reforma suposa \u201cuna inversi\u00f3 finan\u00e7ada \u00edntegrament per l\u2019Ajuntament de Badalona, una aposta clara del consistori per refor\u00e7ar l&#8217;hospital i per millorar un servei essencial per a la ciutat\u201d. Garcia Albiol ha subratllat tamb\u00e9 que \u201caquesta reforma \u00e9s molt m\u00e9s que una obra. \u00c9s una inversi\u00f3 en salut p\u00fablica, en qualitat assistencial i en els serveis sanitaris de la ciutat\u201d, i ha afegit que \u201cquan un ajuntament decideix destinar recursos importants a un hospital municipal est\u00e0 fent una afirmaci\u00f3 molt clara sobre les seves prioritats: la salut i els serveis p\u00fablics\u201d.<\/p>\n\n\n\n<figure class=\"wp-block-embed is-type-video is-provider-youtube wp-block-embed-youtube wp-embed-aspect-16-9 wp-has-aspect-ratio\"><div class=\"wp-block-embed__wrapper\">\n<div class=\"youtube-embed\" data-video_id=\"hwmKa0c_Up4\"><iframe loading=\"lazy\" title=\"Recreaci\u00f3 hist\u00f2rica de l\u2019Hospital Municipal de Badalona (HMB)\" width=\"696\" height=\"392\" src=\"https:\/\/www.youtube.com\/embed\/hwmKa0c_Up4?feature=oembed&#038;enablejsapi=1\" frameborder=\"0\" allow=\"accelerometer; autoplay; clipboard-write; encrypted-media; gyroscope; picture-in-picture; web-share\" referrerpolicy=\"strict-origin-when-cross-origin\" allowfullscreen><\/iframe><\/div>\n<\/div><\/figure>\n\n\n\n<p>La gerenta de la Regi\u00f3 Barcelona Metropolitana Nord, Candela Calle, ha destacat que \u201cl\u2019ampliaci\u00f3 de l\u2019Hospital Municipal de Badalona \u00e9s una oportunitat per posicionar el centre com a hospital de refer\u00e8ncia i de proximitat\u201d i hi ha afegit que \u201cguanyar metres \u00e9s guanyar capacitat assistencial i confort per als pacients i els professionals per atendre encara millor a la poblaci\u00f3 de Badalona\u201d. Calle ha assegurat que \u201cel Servei Catal\u00e0 de la Salut acompanyar\u00e0 l\u2019Hospital en aquest creixement, invertint en l\u2019equipament dels nous quir\u00f2fans\u201d i ha afirmat que \u201cen els darrers anys Badalona ha estat una prioritat pel Servei Catal\u00e0 de la Salut amb actuacions molt importants com el nou CAP El Gorg, l\u2019ampliaci\u00f3 del bloc quir\u00fargic de l\u2019Hospital Germans Trias i millores en l\u2019atenci\u00f3 a la salut mental\u201d. \u201cSeguirem treballant per millorar l\u2019atenci\u00f3 sanit\u00e0ria a la ciutat\u201d, ha manifestat.<\/p>\n\n\n\n<p>Per la seva banda, el gerent de BSA, Toni Salas,<a><\/a>ha assegurat que \u201c\u00e9s un honor immens liderar el llegat d\u2019un hospital de proximitat que forma part de la vida i la mem\u00f2ria de Badalona, gr\u00e0cies al comprom\u00eds de milers de professionals\u201d. Per a Salas, \u201caquest comprom\u00eds ens impulsa a continuar avan\u00e7ant amb la mateixa vocaci\u00f3 de servei que ha definit el centre durant m\u00e9s de 90 anys\u201d.<\/p>\n\n\n\n<figure class=\"wp-block-embed is-type-video is-provider-youtube wp-block-embed-youtube wp-embed-aspect-16-9 wp-has-aspect-ratio\"><div class=\"wp-block-embed__wrapper\">\n<div class=\"youtube-embed\" data-video_id=\"87bnnVybRSQ\"><iframe loading=\"lazy\" title=\"El nou Hospital de Badalona: un comprom\u00eds amb el futur\" width=\"696\" height=\"392\" src=\"https:\/\/www.youtube.com\/embed\/87bnnVybRSQ?feature=oembed&#038;enablejsapi=1\" frameborder=\"0\" allow=\"accelerometer; autoplay; clipboard-write; encrypted-media; gyroscope; picture-in-picture; web-share\" referrerpolicy=\"strict-origin-when-cross-origin\" allowfullscreen><\/iframe><\/div>\n<\/div><\/figure>\n","protected":false},"excerpt":{"rendered":"<p>Les obres d\u2019ampliaci\u00f3 i modernitzaci\u00f3 del l\u2019Hospital Municipal de Badalona (HMB) comen\u00e7aran durant l\u2019\u00faltim trimestre de 2026. La primera de les dues fases en qu\u00e8 es divideixen els treballs durar\u00e0 com a m\u00ednim dos anys, comportar\u00e0 una inversi\u00f3 de 12,5 milions d\u2019euros i suposar\u00e0 la transformaci\u00f3 m\u00e9s important de l\u2019equipament, gestionat per l\u2019organitzaci\u00f3 sanit\u00e0ria municipal [&hellip;]<\/p>\n","protected":false},"author":2,"featured_media":10255,"comment_status":"closed","ping_status":"open","sticky":false,"template":"","format":"standard","meta":{"footnotes":""},"categories":[23],"tags":[],"class_list":{"0":"post-10254","1":"post","2":"type-post","3":"status-publish","4":"format-standard","5":"has-post-thumbnail","7":"category-actualitat"},"_links":{"self":[{"href":"https:\/\/areabadalona.com\/diario\/wp-json\/wp\/v2\/posts\/10254","targetHints":{"allow":["GET"]}}],"collection":[{"href":"https:\/\/areabadalona.com\/diario\/wp-json\/wp\/v2\/posts"}],"about":[{"href":"https:\/\/areabadalona.com\/diario\/wp-json\/wp\/v2\/types\/post"}],"author":[{"embeddable":true,"href":"https:\/\/areabadalona.com\/diario\/wp-json\/wp\/v2\/users\/2"}],"replies":[{"embeddable":true,"href":"https:\/\/areabadalona.com\/diario\/wp-json\/wp\/v2\/comments?post=10254"}],"version-history":[{"count":1,"href":"https:\/\/areabadalona.com\/diario\/wp-json\/wp\/v2\/posts\/10254\/revisions"}],"predecessor-version":[{"id":10257,"href":"https:\/\/areabadalona.com\/diario\/wp-json\/wp\/v2\/posts\/10254\/revisions\/10257"}],"wp:featuredmedia":[{"embeddable":true,"href":"https:\/\/areabadalona.com\/diario\/wp-json\/wp\/v2\/media\/10255"}],"wp:attachment":[{"href":"https:\/\/areabadalona.com\/diario\/wp-json\/wp\/v2\/media?parent=10254"}],"wp:term":[{"taxonomy":"category","embeddable":true,"href":"https:\/\/areabadalona.com\/diario\/wp-json\/wp\/v2\/categories?post=10254"},{"taxonomy":"post_tag","embeddable":true,"href":"https:\/\/areabadalona.com\/diario\/wp-json\/wp\/v2\/tags?post=10254"}],"curies":[{"name":"wp","href":"https:\/\/api.w.org\/{rel}","templated":true}]}}