{"id":10251,"date":"2026-03-11T10:26:12","date_gmt":"2026-03-11T10:26:12","guid":{"rendered":"https:\/\/areabadalona.com\/diario\/?p=10251"},"modified":"2026-03-13T10:27:23","modified_gmt":"2026-03-13T10:27:23","slug":"activitat-familiar-per-descobrir-els-ocells-que-habiten-al-parc-del-torrent-de-la-font-i-del-turo-de-lenric-de-badalona","status":"publish","type":"post","link":"https:\/\/areabadalona.com\/diario\/2026\/03\/11\/activitat-familiar-per-descobrir-els-ocells-que-habiten-al-parc-del-torrent-de-la-font-i-del-turo-de-lenric-de-badalona\/","title":{"rendered":"Activitat familiar per descobrir els ocells que habiten al parc del Torrent de la Font i del Tur\u00f3 de l\u2019Enric de Badalona"},"content":{"rendered":"\n<p>El pr\u00f2xim diumenge 15 de mar\u00e7, en el marc de les activitats de la Jugatecambiental, tindr\u00e0 lloc l\u2019activitat familiar \u201cConeguem i observem els ocells del parc\u201d que es far\u00e0 al parc del Torrent de la Font i del Tur\u00f3 de l\u2019Enric de Badalona.<\/p>\n\n\n\n<p>La proposta, adre\u00e7ada a fam\u00edlies amb infants, consistir\u00e0 en una passejada guiada per un ornit\u00f2leg, durant la qual els participants aprendran a observar, recon\u00e8ixer i escoltar les esp\u00e8cies d\u2019ocells m\u00e9s habituals en aquest entorn natural.<\/p>\n\n\n\n<p>Les persones assistents disposaran de binocles per facilitar l\u2019observaci\u00f3 i podran con\u00e8ixer de prop diferents esp\u00e8cies, el seu cicle vital i la seva import\u00e0ncia per als ecosistemes urbans, on desenvolupen un paper fonamental en l\u2019equilibri ecol\u00f2gic.<\/p>\n\n\n\n<p><strong>Detalls de l\u2019activitat<\/strong><\/p>\n\n\n\n<p>No cal inscripci\u00f3 pr\u00e8via<\/p>\n\n\n\n<p>Data: diumenge 15 de mar\u00e7<\/p>\n\n\n\n<p>Horari: d\u201911.30 a 13.30 hores<\/p>\n\n\n\n<p>P\u00fablic destinatari: fam\u00edlies<\/p>\n\n\n\n<p>Lloc i punt de trobada: M\u00f2dul de la Jugatecambiental del parc del Torrent de la Font i del Tur\u00f3 de l\u2019Enric, situat a la zona de la b\u00f2bila.<\/p>\n","protected":false},"excerpt":{"rendered":"<p>El pr\u00f2xim diumenge 15 de mar\u00e7, en el marc de les activitats de la Jugatecambiental, tindr\u00e0 lloc l\u2019activitat familiar \u201cConeguem i observem els ocells del parc\u201d que es far\u00e0 al parc del Torrent de la Font i del Tur\u00f3 de l\u2019Enric de Badalona. La proposta, adre\u00e7ada a fam\u00edlies amb infants, consistir\u00e0 en una passejada guiada [&hellip;]<\/p>\n","protected":false},"author":2,"featured_media":10252,"comment_status":"closed","ping_status":"open","sticky":false,"template":"","format":"standard","meta":{"footnotes":""},"categories":[23],"tags":[],"class_list":{"0":"post-10251","1":"post","2":"type-post","3":"status-publish","4":"format-standard","5":"has-post-thumbnail","7":"category-actualitat"},"_links":{"self":[{"href":"https:\/\/areabadalona.com\/diario\/wp-json\/wp\/v2\/posts\/10251","targetHints":{"allow":["GET"]}}],"collection":[{"href":"https:\/\/areabadalona.com\/diario\/wp-json\/wp\/v2\/posts"}],"about":[{"href":"https:\/\/areabadalona.com\/diario\/wp-json\/wp\/v2\/types\/post"}],"author":[{"embeddable":true,"href":"https:\/\/areabadalona.com\/diario\/wp-json\/wp\/v2\/users\/2"}],"replies":[{"embeddable":true,"href":"https:\/\/areabadalona.com\/diario\/wp-json\/wp\/v2\/comments?post=10251"}],"version-history":[{"count":1,"href":"https:\/\/areabadalona.com\/diario\/wp-json\/wp\/v2\/posts\/10251\/revisions"}],"predecessor-version":[{"id":10253,"href":"https:\/\/areabadalona.com\/diario\/wp-json\/wp\/v2\/posts\/10251\/revisions\/10253"}],"wp:featuredmedia":[{"embeddable":true,"href":"https:\/\/areabadalona.com\/diario\/wp-json\/wp\/v2\/media\/10252"}],"wp:attachment":[{"href":"https:\/\/areabadalona.com\/diario\/wp-json\/wp\/v2\/media?parent=10251"}],"wp:term":[{"taxonomy":"category","embeddable":true,"href":"https:\/\/areabadalona.com\/diario\/wp-json\/wp\/v2\/categories?post=10251"},{"taxonomy":"post_tag","embeddable":true,"href":"https:\/\/areabadalona.com\/diario\/wp-json\/wp\/v2\/tags?post=10251"}],"curies":[{"name":"wp","href":"https:\/\/api.w.org\/{rel}","templated":true}]}}