{"id":10248,"date":"2026-03-11T10:24:21","date_gmt":"2026-03-11T10:24:21","guid":{"rendered":"https:\/\/areabadalona.com\/diario\/?p=10248"},"modified":"2026-03-13T10:25:05","modified_gmt":"2026-03-13T10:25:05","slug":"la-9a-edicio-del-festival-dansa-metropolitana-arriba-aquest-cap-de-setmana-a-badalona","status":"publish","type":"post","link":"https:\/\/areabadalona.com\/diario\/2026\/03\/11\/la-9a-edicio-del-festival-dansa-metropolitana-arriba-aquest-cap-de-setmana-a-badalona\/","title":{"rendered":"La 9a edici\u00f3 del festival Dansa Metropolitana arriba aquest cap de setmana a Badalona"},"content":{"rendered":"\n<p>Aquest cap de setmana arriba a Badalona la 9a edici\u00f3 del festival Dansa Metropolitana, un esdeveniment que enguany portar\u00e0 a la ciutat quatre cites que sumen un total de sis espectacles i que aposten per apropar la dansa a la ciutadania. El festival s\u2019iniciar\u00e0 divendres 13 a les 20 hores al Teatre Zorrilla amb l\u2019espectacle <em>Muerta de amor <\/em>de Manuel Li\u00f1\u00e1n (entrades exhaurides) i continuar\u00e0 diumenge 15 amb <em>Per qu\u00e8 un arbre \u00e9s una gallina?<\/em>, un xou familiar de MA Compagnie-Marc Lacourtque es far\u00e0 al Teatre Margarida Xirgu. En aquest cas hi haur\u00e0 dues funcions, una a les 16.30 hores i una altra a les 18.30 hores.<\/p>\n\n\n\n<p>El festival continuar\u00e0 dissabte 21 amb una proposta gratu\u00efta al Centre Cultural l\u2019Escorxador. A partir de les 12 hores, tota la ciutadania podr\u00e0 gaudir de franc de tres funcions diferents de manera consecutiva i en \u00fanica sessi\u00f3. Els tres espectacles que es podran veure s\u00f3n <em>NO (Pieza Corta)<\/em>, a c\u00e0rrec de La Venidera; &nbsp;<em>DOMINARE<\/em>, de la Cia. La Maduixa; i <em>MANIFESTO<\/em>, una creaci\u00f3 del core\u00f2graf \u00c0ngel Duran. La 9a edici\u00f3 del festival Dansa Metropolitana a Badalona es tancar\u00e0 el mateix dissabte 21 al Teatre Margarida Xirgu amb <em>Parlem-ne<\/em>, una proposta de la Cia. Vero Cendoya. Es tracta d&#8217;un espectacle inclusiu que s&#8217;emmarca dins el Dia Internacional de la S\u00edndrome de Down i que tamb\u00e9 forma part de la campanya \u00abCap Butaca Buida\u00bb, un gran repte col\u00b7lectiu per celebrar la Diada del Teatre.<\/p>\n\n\n\n<p>Podeu consultar tots els detalls de la programaci\u00f3 a Badalona i adquirir entrades als webs <a href=\"https:\/\/www.dansametropolitana.cat\/ca\/events-search\/badalona\">del festival Dansa Metropolitana<\/a>&nbsp;i del <a href=\"https:\/\/teatrezorrilla.cat\/espectacle\/per-que-un-arbre-es-una-gallina\/\">Teatre Zorrilla<\/a>.<\/p>\n\n\n\n<p><strong>Apropar la dansa a la ciutadania<\/strong><\/p>\n\n\n\n<p>Aquest 2026, el Dansa Metropolitana s\u2019articula al voltant de la llibertat dels cossos per habitar i transformar l\u2019espai p\u00fablic, reafirmant el seu comprom\u00eds amb una programaci\u00f3 oberta, inclusiva i participativa, on totes les persones, comunitats i pr\u00e0ctiques de la dansa hi tinguin cabuda. L\u2019eix tem\u00e0tic d\u2019aquesta edici\u00f3 refor\u00e7a la voluntat fundacional del festival de democratitzar la dansa i donar suport al teixit art\u00edstic local. Des de la seva primera edici\u00f3, l\u2019any 2018, el Dansa Metropolitana mant\u00e9 el comprom\u00eds de ser un punt de trobada capa\u00e7 d\u2019apropar la dansa a tota la ciutadania i d\u2019ampliar-ne els p\u00fablics.<\/p>\n","protected":false},"excerpt":{"rendered":"<p>Aquest cap de setmana arriba a Badalona la 9a edici\u00f3 del festival Dansa Metropolitana, un esdeveniment que enguany portar\u00e0 a la ciutat quatre cites que sumen un total de sis espectacles i que aposten per apropar la dansa a la ciutadania. El festival s\u2019iniciar\u00e0 divendres 13 a les 20 hores al Teatre Zorrilla amb l\u2019espectacle [&hellip;]<\/p>\n","protected":false},"author":2,"featured_media":10249,"comment_status":"closed","ping_status":"open","sticky":false,"template":"","format":"standard","meta":{"footnotes":""},"categories":[25],"tags":[],"class_list":{"0":"post-10248","1":"post","2":"type-post","3":"status-publish","4":"format-standard","5":"has-post-thumbnail","7":"category-cultura"},"_links":{"self":[{"href":"https:\/\/areabadalona.com\/diario\/wp-json\/wp\/v2\/posts\/10248","targetHints":{"allow":["GET"]}}],"collection":[{"href":"https:\/\/areabadalona.com\/diario\/wp-json\/wp\/v2\/posts"}],"about":[{"href":"https:\/\/areabadalona.com\/diario\/wp-json\/wp\/v2\/types\/post"}],"author":[{"embeddable":true,"href":"https:\/\/areabadalona.com\/diario\/wp-json\/wp\/v2\/users\/2"}],"replies":[{"embeddable":true,"href":"https:\/\/areabadalona.com\/diario\/wp-json\/wp\/v2\/comments?post=10248"}],"version-history":[{"count":1,"href":"https:\/\/areabadalona.com\/diario\/wp-json\/wp\/v2\/posts\/10248\/revisions"}],"predecessor-version":[{"id":10250,"href":"https:\/\/areabadalona.com\/diario\/wp-json\/wp\/v2\/posts\/10248\/revisions\/10250"}],"wp:featuredmedia":[{"embeddable":true,"href":"https:\/\/areabadalona.com\/diario\/wp-json\/wp\/v2\/media\/10249"}],"wp:attachment":[{"href":"https:\/\/areabadalona.com\/diario\/wp-json\/wp\/v2\/media?parent=10248"}],"wp:term":[{"taxonomy":"category","embeddable":true,"href":"https:\/\/areabadalona.com\/diario\/wp-json\/wp\/v2\/categories?post=10248"},{"taxonomy":"post_tag","embeddable":true,"href":"https:\/\/areabadalona.com\/diario\/wp-json\/wp\/v2\/tags?post=10248"}],"curies":[{"name":"wp","href":"https:\/\/api.w.org\/{rel}","templated":true}]}}