{"id":10244,"date":"2026-03-11T09:40:20","date_gmt":"2026-03-11T09:40:20","guid":{"rendered":"https:\/\/areabadalona.com\/diario\/?p=10244"},"modified":"2026-03-11T09:40:22","modified_gmt":"2026-03-11T09:40:22","slug":"obert-el-registre-per-comprar-entrades-per-a-la-final-four-de-la-basketball-champions-league-2026-de-badalona","status":"publish","type":"post","link":"https:\/\/areabadalona.com\/diario\/2026\/03\/11\/obert-el-registre-per-comprar-entrades-per-a-la-final-four-de-la-basketball-champions-league-2026-de-badalona\/","title":{"rendered":"Obert el registre per comprar entrades per a la Final Four de la Basketball Champions League 2026 de Badalona"},"content":{"rendered":"\n<p>La Basketball Champions League (BCL) ha obert oficialment aquest dimarts el registre per a la reserva d\u2019entrades per als aficionats que vulguin assistir a la Final Four 2026 de la competici\u00f3 que es disputar\u00e0 al Palau Municipal d&#8217;Esports de Badalona del 7 al 9 de maig. Les persones inscrites a la llista tindran acc\u00e9s anticipat a compra d\u2019entrades el pr\u00f2xim dimarts 17 de mar\u00e7 i podran beneficiar-se d\u2019una tarifa especial amb un 10% de descompte per gaudir de la fase final de la competici\u00f3 continental a Badalona.<\/p>\n\n\n\n<p>Les persones interessades ja poden inscriure\u2019s a la llista d\u2019espera en aquest enlla\u00e7:<\/p>\n\n\n\n<figure class=\"wp-block-embed\"><div class=\"wp-block-embed__wrapper\">\nhttps:\/\/feverup.com\/m\/595231?preview=c27bd835\n<\/div><\/figure>\n\n\n\n<p>La venda d\u2019entrades per al p\u00fablic general s\u2019obrir\u00e0 un dia despr\u00e9s, el 18 de mar\u00e7, i inclour\u00e0 tamb\u00e9 preus promocionals per a les primeres compres, que estaran disponibles nom\u00e9s durant un per\u00edode limitat.<\/p>\n\n\n\n<p>Per garantir que el m\u00e0xim nombre possible d\u2019aficionats pugui viure l\u2019esdeveniment en directe, els organitzadors han creat una \u00e0mplia varietat de paquets d\u2019entrades amb la voluntat de fer la Final Four accessible a tots els fans.<\/p>\n\n\n\n<p>No obstant aix\u00f2, es recomana als aficionats interessats a assistir-hi que es registrin ara per assegurar-se l\u2019acc\u00e9s prioritari i les entrades amb descompte quan s\u2019obri la prevenda.<\/p>\n\n\n\n<p>Gr\u00e0cies a la seva gran tradici\u00f3 basquetbol\u00edstica, Badalona ser\u00e0 la seu de la Final Four de la Basketball Champions League 2026, una competici\u00f3 impulsada per Ameresco SUNEL. Aquesta fase final \u00e9s un esdeveniment de refer\u00e8ncia del b\u00e0squet europeu i reunir\u00e0 els quatre millors equips de la competici\u00f3 continental. La llista d\u2019equips que disputaran la Final Four es completar\u00e0 despr\u00e9s dels quarts de final, que es jugaran al millor de tres partits entre el 31 de mar\u00e7 i el 15 d\u2019abril.<\/p>\n\n\n\n<p>Pr\u00f2ximament, es podr\u00e0 trobar m\u00e9s informaci\u00f3 sobre la venda d\u2019entrades i els diferents paquets a les plataformes oficials de la Basketball Champions League.<\/p>\n","protected":false},"excerpt":{"rendered":"<p>La Basketball Champions League (BCL) ha obert oficialment aquest dimarts el registre per a la reserva d\u2019entrades per als aficionats que vulguin assistir a la Final Four 2026 de la competici\u00f3 que es disputar\u00e0 al Palau Municipal d&#8217;Esports de Badalona del 7 al 9 de maig. Les persones inscrites a la llista tindran acc\u00e9s anticipat [&hellip;]<\/p>\n","protected":false},"author":2,"featured_media":10245,"comment_status":"closed","ping_status":"open","sticky":false,"template":"","format":"standard","meta":{"footnotes":""},"categories":[26],"tags":[],"class_list":{"0":"post-10244","1":"post","2":"type-post","3":"status-publish","4":"format-standard","5":"has-post-thumbnail","7":"category-esports"},"_links":{"self":[{"href":"https:\/\/areabadalona.com\/diario\/wp-json\/wp\/v2\/posts\/10244","targetHints":{"allow":["GET"]}}],"collection":[{"href":"https:\/\/areabadalona.com\/diario\/wp-json\/wp\/v2\/posts"}],"about":[{"href":"https:\/\/areabadalona.com\/diario\/wp-json\/wp\/v2\/types\/post"}],"author":[{"embeddable":true,"href":"https:\/\/areabadalona.com\/diario\/wp-json\/wp\/v2\/users\/2"}],"replies":[{"embeddable":true,"href":"https:\/\/areabadalona.com\/diario\/wp-json\/wp\/v2\/comments?post=10244"}],"version-history":[{"count":1,"href":"https:\/\/areabadalona.com\/diario\/wp-json\/wp\/v2\/posts\/10244\/revisions"}],"predecessor-version":[{"id":10246,"href":"https:\/\/areabadalona.com\/diario\/wp-json\/wp\/v2\/posts\/10244\/revisions\/10246"}],"wp:featuredmedia":[{"embeddable":true,"href":"https:\/\/areabadalona.com\/diario\/wp-json\/wp\/v2\/media\/10245"}],"wp:attachment":[{"href":"https:\/\/areabadalona.com\/diario\/wp-json\/wp\/v2\/media?parent=10244"}],"wp:term":[{"taxonomy":"category","embeddable":true,"href":"https:\/\/areabadalona.com\/diario\/wp-json\/wp\/v2\/categories?post=10244"},{"taxonomy":"post_tag","embeddable":true,"href":"https:\/\/areabadalona.com\/diario\/wp-json\/wp\/v2\/tags?post=10244"}],"curies":[{"name":"wp","href":"https:\/\/api.w.org\/{rel}","templated":true}]}}