{"id":10240,"date":"2026-03-06T12:15:16","date_gmt":"2026-03-06T12:15:16","guid":{"rendered":"https:\/\/areabadalona.com\/diario\/?p=10240"},"modified":"2026-03-06T12:15:18","modified_gmt":"2026-03-06T12:15:18","slug":"loposicio-exigeix-un-ple-extraordinari-davant-les-quatre-morts-de-persones-sense-llar-a-badalona-aquest-2026","status":"publish","type":"post","link":"https:\/\/areabadalona.com\/diario\/2026\/03\/06\/loposicio-exigeix-un-ple-extraordinari-davant-les-quatre-morts-de-persones-sense-llar-a-badalona-aquest-2026\/","title":{"rendered":"L\u2019oposici\u00f3 exigeix un ple extraordinari davant les quatre morts de persones sense llar a Badalona aquest 2026"},"content":{"rendered":"\n<p>Els grups municipals del PSC, Esquerra Republicana, En Com\u00fa Podem i Guanyem Badalona han registrat conjuntament la petici\u00f3 de convocat\u00f2ria d\u2019un ple extraordinari per abordar la greu situaci\u00f3 de les persones sense llar a la ciutat despr\u00e9s que, en el que portem d\u2019any 2026, ja s&#8217;han produ\u00eft quatre morts de persones sense llar.<\/p>\n\n\n\n<p>Els grups de l\u2019oposici\u00f3 consideren que aquestes morts evidencien una situaci\u00f3 d\u2019emerg\u00e8ncia social i una deixadesa institucional que requereix una resposta immediata per part del govern municipal encap\u00e7alat per l\u2019alcalde Xavier Garc\u00eda Albiol. Per aquest motiu, reclamen que el consistori afronti la problem\u00e0tica amb responsabilitat i amb pol\u00edtiques socials actives que garanteixin la dignitat i la protecci\u00f3 de les persones m\u00e9s vulnerables.<\/p>\n\n\n\n<p>Segons els grups signants, la ciutat no pot normalitzar que persones dormint al carrer ni que aquesta situaci\u00f3 acabi derivant en morts evitables.<\/p>\n\n\n\n<p>L\u2019oposici\u00f3 reclama tamb\u00e9 l\u2019impuls immediat de pol\u00edtiques socials efectives, incloent-hi la reobertura de l\u2019alberg Can Bofi Vell, l\u2019ampliaci\u00f3 dels recursos d\u2019atenci\u00f3 i allotjament d\u2019emerg\u00e8ncia i una estrat\u00e8gia municipal integral que permet abordar el sensellarisme des d\u2019una perspectiva social, preventiva i coordinada amb les entitats que treballen sobre el terreny.<\/p>\n\n\n\n<p>Fernando Carrera, president del grup municipal del Partit Socialista, considera que <strong><em>\u00abla Badalona que pateix no t\u00e9 qui la governi. Carrera fa temps que alerta de la inacci\u00f3 en mat\u00e8ria social a la ciutat. Per aquest motiu, reclama aquesta convocat\u00f2ria d&#8217;aquest ple extraordinari per abordar la situaci\u00f3 del sensellarisme i les persones amb pocs recursos de la ciutat. Calen respostes urgents a una situaci\u00f3 insostenible. Menys m\u00e0rqueting, menys mentides i m\u00e9s acci\u00f3\u00bb<\/em><\/strong>.<\/p>\n\n\n\n<p>Alex Montorn\u00e8s, president del grup municipal d\u2019Esquerra Republicana, ha afirmat que <strong><em>\u201cun Alcalde que odia els seus ve\u00efns, tinguin o no tinguin casa, no \u00e9s un bon Alcalde. Exigim la reobertura de Can Bof\u00ed Vell\u201d<\/em><\/strong>.<\/p>\n\n\n\n<p>La l\u00edder dels Comuns a Badalona, A\u00efda Llaurad\u00f3, exigeix un Pla de Xoc a l\u2019alcalde Albiol, i recorda que al Parlament n\u2019han pactat un amb 30 milions d\u2019euros per afrontar el sensellarisme als Pressupostos de la Generalitat. <strong><em>\u201cHi ha diners i equipaments per impulsar pol\u00edtiques per a persones sense llar a Badalona, per\u00f2 el govern d\u2019Albiol no els est\u00e0 activant\u201c <\/em><\/strong><em>h<\/em>a afirmat Llaurad\u00f3.<\/p>\n\n\n\n<p>Dolors Sabater, presidenta del grup municipal de Guanyem Badalona, ha afirmat<strong><em> \u201cEl model d&#8217;Albiol \u00e9s el model de la mort al carrer. Ell actua amb crueltat pol\u00edtica, tanca els serveis i abandona les persones i per justificar la seva deshumanitzaci\u00f3 les criminalitza. \u00c9s pol\u00edtica d&#8217;odi i Badalona no ho pot permetre\u201d.<\/em><\/strong><\/p>\n\n\n\n<p>Els grups municipals insisteixen que el ple extraordinari ha de servir per situar el sensellarisme com una prioritat pol\u00edtica a la ciutat i per acordar mesures concretes que evitin que situacions com les que s\u2019han produ\u00eft aquest any es tornin a repetir.<\/p>\n","protected":false},"excerpt":{"rendered":"<p>Els grups municipals del PSC, Esquerra Republicana, En Com\u00fa Podem i Guanyem Badalona han registrat conjuntament la petici\u00f3 de convocat\u00f2ria d\u2019un ple extraordinari per abordar la greu situaci\u00f3 de les persones sense llar a la ciutat despr\u00e9s que, en el que portem d\u2019any 2026, ja s&#8217;han produ\u00eft quatre morts de persones sense llar. Els grups [&hellip;]<\/p>\n","protected":false},"author":2,"featured_media":10241,"comment_status":"closed","ping_status":"open","sticky":false,"template":"","format":"standard","meta":{"footnotes":""},"categories":[23],"tags":[],"class_list":{"0":"post-10240","1":"post","2":"type-post","3":"status-publish","4":"format-standard","5":"has-post-thumbnail","7":"category-actualitat"},"_links":{"self":[{"href":"https:\/\/areabadalona.com\/diario\/wp-json\/wp\/v2\/posts\/10240","targetHints":{"allow":["GET"]}}],"collection":[{"href":"https:\/\/areabadalona.com\/diario\/wp-json\/wp\/v2\/posts"}],"about":[{"href":"https:\/\/areabadalona.com\/diario\/wp-json\/wp\/v2\/types\/post"}],"author":[{"embeddable":true,"href":"https:\/\/areabadalona.com\/diario\/wp-json\/wp\/v2\/users\/2"}],"replies":[{"embeddable":true,"href":"https:\/\/areabadalona.com\/diario\/wp-json\/wp\/v2\/comments?post=10240"}],"version-history":[{"count":1,"href":"https:\/\/areabadalona.com\/diario\/wp-json\/wp\/v2\/posts\/10240\/revisions"}],"predecessor-version":[{"id":10242,"href":"https:\/\/areabadalona.com\/diario\/wp-json\/wp\/v2\/posts\/10240\/revisions\/10242"}],"wp:featuredmedia":[{"embeddable":true,"href":"https:\/\/areabadalona.com\/diario\/wp-json\/wp\/v2\/media\/10241"}],"wp:attachment":[{"href":"https:\/\/areabadalona.com\/diario\/wp-json\/wp\/v2\/media?parent=10240"}],"wp:term":[{"taxonomy":"category","embeddable":true,"href":"https:\/\/areabadalona.com\/diario\/wp-json\/wp\/v2\/categories?post=10240"},{"taxonomy":"post_tag","embeddable":true,"href":"https:\/\/areabadalona.com\/diario\/wp-json\/wp\/v2\/tags?post=10240"}],"curies":[{"name":"wp","href":"https:\/\/api.w.org\/{rel}","templated":true}]}}