{"id":10238,"date":"2026-03-06T11:40:42","date_gmt":"2026-03-06T11:40:42","guid":{"rendered":"https:\/\/areabadalona.com\/diario\/?p=10238"},"modified":"2026-03-06T11:40:43","modified_gmt":"2026-03-06T11:40:43","slug":"carrera-torna-a-reclamar-lobertura-urgent-dun-alberg-i-un-menjador-social","status":"publish","type":"post","link":"https:\/\/areabadalona.com\/diario\/2026\/03\/06\/carrera-torna-a-reclamar-lobertura-urgent-dun-alberg-i-un-menjador-social\/","title":{"rendered":"Carrera torna a reclamar l&#8217;obertura urgent d&#8217;un alberg i un menjador social"},"content":{"rendered":"\n<p>El president del grup municipal del PSC a l&#8217;Ajuntament de Badalona, Fernando Carrera, ha tornat a reclamar al govern municipal del PP l&#8217;obertura urgent d&#8217;un alberg social i d&#8217;un menjador social a la ciutat per atendre les persones que viuen al carrer. Carrera ha denunciat que el govern municipal fa mesos que assegura que est\u00e0 treballant en la recuperaci\u00f3 d&#8217;aquests serveis, per\u00f2 que de moment no hi ha cap resultat concret. \u00abFa massa temps que el govern diu que hi est\u00e0 treballant, per\u00f2 la realitat \u00e9s que Badalona continua sense aquests recursos b\u00e0sics per a les persones m\u00e9s vulnerables\u00bb, ha lamentat.<\/p>\n\n\n\n<p>La petici\u00f3 del PSC arriba despr\u00e9s que aquesta mateixa setmana dues persones sense llar hagin mort als carrers de Badalona, fet que eleva a quatre les persones sense sostre que han perdut la vida en nom\u00e9s dos mesos a la ciutat.<\/p>\n\n\n\n<p>Davant d&#8217;aquesta situaci\u00f3, Carrera considera que cal m\u00e9s sensibilitat i m\u00e9s rapidesa per part del govern municipal. \u00abNo podem normalitzar que persones morin al carrer mentre la ciutat continua sense un alberg social ni un menjador social operatius\u00bb, ha afirmat.<\/p>\n\n\n\n<p>Des del PSC de Badalona reclamen al govern del PP que reactivi de manera immediata aquests serveis essencials i que posi en marxa mesures urgents per garantir una atenci\u00f3 digna a les persones sense llar de la ciutat.<\/p>\n\n\n\n<p><strong>PSC BDN <\/strong><\/p>\n","protected":false},"excerpt":{"rendered":"<p>El president del grup municipal del PSC a l&#8217;Ajuntament de Badalona, Fernando Carrera, ha tornat a reclamar al govern municipal del PP l&#8217;obertura urgent d&#8217;un alberg social i d&#8217;un menjador social a la ciutat per atendre les persones que viuen al carrer. Carrera ha denunciat que el govern municipal fa mesos que assegura que est\u00e0 [&hellip;]<\/p>\n","protected":false},"author":2,"featured_media":8543,"comment_status":"closed","ping_status":"open","sticky":false,"template":"","format":"standard","meta":{"footnotes":""},"categories":[23],"tags":[],"class_list":{"0":"post-10238","1":"post","2":"type-post","3":"status-publish","4":"format-standard","5":"has-post-thumbnail","7":"category-actualitat"},"_links":{"self":[{"href":"https:\/\/areabadalona.com\/diario\/wp-json\/wp\/v2\/posts\/10238","targetHints":{"allow":["GET"]}}],"collection":[{"href":"https:\/\/areabadalona.com\/diario\/wp-json\/wp\/v2\/posts"}],"about":[{"href":"https:\/\/areabadalona.com\/diario\/wp-json\/wp\/v2\/types\/post"}],"author":[{"embeddable":true,"href":"https:\/\/areabadalona.com\/diario\/wp-json\/wp\/v2\/users\/2"}],"replies":[{"embeddable":true,"href":"https:\/\/areabadalona.com\/diario\/wp-json\/wp\/v2\/comments?post=10238"}],"version-history":[{"count":1,"href":"https:\/\/areabadalona.com\/diario\/wp-json\/wp\/v2\/posts\/10238\/revisions"}],"predecessor-version":[{"id":10239,"href":"https:\/\/areabadalona.com\/diario\/wp-json\/wp\/v2\/posts\/10238\/revisions\/10239"}],"wp:featuredmedia":[{"embeddable":true,"href":"https:\/\/areabadalona.com\/diario\/wp-json\/wp\/v2\/media\/8543"}],"wp:attachment":[{"href":"https:\/\/areabadalona.com\/diario\/wp-json\/wp\/v2\/media?parent=10238"}],"wp:term":[{"taxonomy":"category","embeddable":true,"href":"https:\/\/areabadalona.com\/diario\/wp-json\/wp\/v2\/categories?post=10238"},{"taxonomy":"post_tag","embeddable":true,"href":"https:\/\/areabadalona.com\/diario\/wp-json\/wp\/v2\/tags?post=10238"}],"curies":[{"name":"wp","href":"https:\/\/api.w.org\/{rel}","templated":true}]}}