{"id":10235,"date":"2026-03-06T09:21:41","date_gmt":"2026-03-06T09:21:41","guid":{"rendered":"https:\/\/areabadalona.com\/diario\/?p=10235"},"modified":"2026-03-06T09:21:43","modified_gmt":"2026-03-06T09:21:43","slug":"en-comu-podem-alerta-dels-robatoris-de-gossos-al-centre-dacollida-danimals-de-companyia-de-badalona-i-exigeix-mesures-urgents-al-govern","status":"publish","type":"post","link":"https:\/\/areabadalona.com\/diario\/2026\/03\/06\/en-comu-podem-alerta-dels-robatoris-de-gossos-al-centre-dacollida-danimals-de-companyia-de-badalona-i-exigeix-mesures-urgents-al-govern\/","title":{"rendered":"En Com\u00fa Podem alerta dels robatoris de gossos al Centre d\u2019Acollida d\u2019animals de companyia de Badalona i exigeix mesures urgents al govern"},"content":{"rendered":"\n<p>En els darrers dotze mesos, el centre ha patit <strong>tres assalts<\/strong>, uns fets que no s\u2019han fet p\u00fablics fins ara. L\u2019\u00faltim robatori es va produir la nit del 23 de febrer de 2026, quan una persona va for\u00e7ar la tanca perimetral i va accedir a les instal\u00b7lacions per endur-se dos gossos sota cust\u00f2dia municipal: <em>Tyson<\/em>, d\u2019un any, i <em>Zander<\/em>, un cadell de tres mesos.<\/p>\n\n\n\n<p>Posteriorment, tots dos animals van poder ser recuperats degut a la mobilitzaci\u00f3 dels voluntaris del centre i el ve\u00efnat.<\/p>\n\n\n\n<p>Aquest tipus de robatoris de gossos no \u00e9s un fet menor. En molts casos, els animals sostrets&nbsp; acaben sent utilitzats per a activitats il\u00b7legals com les baralles de gossos o com a animals d\u2019entrenament per a aquestes pr\u00e0ctiques, que impliquen greus situacions de maltractament.<\/p>\n\n\n\n<p>Per al grup municipal, la reiteraci\u00f3 d\u2019aquests fets evidencia greus mancances en la seguretat d\u2019un equipament municipal que t\u00e9 sota la seva responsabilitat animals en situaci\u00f3 de vulnerabilitat.<\/p>\n\n\n\n<p>En aquest sentit, Rosa Trenado ha declarat que \u201c\u00c9s molt greu que en un equipament municipal destinat a protegir animals abandonats s\u2019hagin produ\u00eft tres robatoris en nom\u00e9s un any. No estem davant d\u2019un fet puntual, sin\u00f3 d\u2019una situaci\u00f3 reiterada que posa en evid\u00e8ncia una falta de mesures de seguretat adequades\u201d.<\/p>\n\n\n\n<p>A m\u00e9s la portaveu ha afegit que hi ha un i un absolut desinter\u00e8s per part del govern per resoldre aquest problema ja que des que es va con\u00e8ixer el primer robatori, no ha posat cap mesura perqu\u00e8 no torn\u00e9s a passar.<\/p>\n\n\n\n<p>Per aix\u00f2 el grup demana responsabilitats al govern municipal, ja que els animals estan sota tutela p\u00fablica i garantir la protecci\u00f3 i la seguretat dels animals \u00e9s una obligaci\u00f3 legal i moral de l\u2019Ajuntament.<\/p>\n\n\n\n<p>Davant d\u2019aquesta situaci\u00f3. En Com\u00fa Podem exigeix:<\/p>\n\n\n\n<p>\u00b7\u00a0\u00a0\u00a0La implantaci\u00f3 immediata de sistemes de videovigil\u00e0ncia i alarmes operatives al refugi.<\/p>\n\n\n\n<p>\u00b7\u00a0\u00a0\u00a0El refor\u00e7 dels protocols de control d\u2019accessos i vigil\u00e0ncia de les instal\u00b7lacions.<\/p>\n\n\n\n<p>\u00b7\u00a0\u00a0\u00a0Informaci\u00f3 clara sobre si l\u2019Ajuntament ha interposat les corresponents den\u00fancies davant dels Mossos d\u2019Esquadra pels tres robatoris produ\u00efts aquest darrer any i en quin punt es troben les investigacions.<\/p>\n\n\n\n<p>Finalment, des d\u2019En Com\u00fa Podem lamenten que l\u2019\u00e0rea municipal de benestar animal continu\u00ef sense una estructura realment operativa per afrontar situacions com aquesta. \u201cEl benestar animal no pot quedar redu\u00eft a anuncis o a propaganda institucional, ha de traduir-se en mesures reals, a concl\u00f2s Trenado.<\/p>\n\n\n\n<p><strong>Equip de Comunicaci\u00f3 Badalona En Com\u00fa<\/strong><\/p>\n","protected":false},"excerpt":{"rendered":"<p>En els darrers dotze mesos, el centre ha patit tres assalts, uns fets que no s\u2019han fet p\u00fablics fins ara. L\u2019\u00faltim robatori es va produir la nit del 23 de febrer de 2026, quan una persona va for\u00e7ar la tanca perimetral i va accedir a les instal\u00b7lacions per endur-se dos gossos sota cust\u00f2dia municipal: Tyson, [&hellip;]<\/p>\n","protected":false},"author":2,"featured_media":10236,"comment_status":"closed","ping_status":"open","sticky":false,"template":"","format":"standard","meta":{"footnotes":""},"categories":[23],"tags":[],"class_list":{"0":"post-10235","1":"post","2":"type-post","3":"status-publish","4":"format-standard","5":"has-post-thumbnail","7":"category-actualitat"},"_links":{"self":[{"href":"https:\/\/areabadalona.com\/diario\/wp-json\/wp\/v2\/posts\/10235","targetHints":{"allow":["GET"]}}],"collection":[{"href":"https:\/\/areabadalona.com\/diario\/wp-json\/wp\/v2\/posts"}],"about":[{"href":"https:\/\/areabadalona.com\/diario\/wp-json\/wp\/v2\/types\/post"}],"author":[{"embeddable":true,"href":"https:\/\/areabadalona.com\/diario\/wp-json\/wp\/v2\/users\/2"}],"replies":[{"embeddable":true,"href":"https:\/\/areabadalona.com\/diario\/wp-json\/wp\/v2\/comments?post=10235"}],"version-history":[{"count":1,"href":"https:\/\/areabadalona.com\/diario\/wp-json\/wp\/v2\/posts\/10235\/revisions"}],"predecessor-version":[{"id":10237,"href":"https:\/\/areabadalona.com\/diario\/wp-json\/wp\/v2\/posts\/10235\/revisions\/10237"}],"wp:featuredmedia":[{"embeddable":true,"href":"https:\/\/areabadalona.com\/diario\/wp-json\/wp\/v2\/media\/10236"}],"wp:attachment":[{"href":"https:\/\/areabadalona.com\/diario\/wp-json\/wp\/v2\/media?parent=10235"}],"wp:term":[{"taxonomy":"category","embeddable":true,"href":"https:\/\/areabadalona.com\/diario\/wp-json\/wp\/v2\/categories?post=10235"},{"taxonomy":"post_tag","embeddable":true,"href":"https:\/\/areabadalona.com\/diario\/wp-json\/wp\/v2\/tags?post=10235"}],"curies":[{"name":"wp","href":"https:\/\/api.w.org\/{rel}","templated":true}]}}