{"id":10228,"date":"2026-03-05T11:46:14","date_gmt":"2026-03-05T11:46:14","guid":{"rendered":"https:\/\/areabadalona.com\/diario\/?p=10228"},"modified":"2026-03-05T11:46:16","modified_gmt":"2026-03-05T11:46:16","slug":"la-2a-edicio-de-la-fira-dorientacio-educativa-de-badalona-sinstal%c2%b7lara-a-la-placa-del-president-tarradellas-del-12-al-13-de-marc","status":"publish","type":"post","link":"https:\/\/areabadalona.com\/diario\/2026\/03\/05\/la-2a-edicio-de-la-fira-dorientacio-educativa-de-badalona-sinstal%c2%b7lara-a-la-placa-del-president-tarradellas-del-12-al-13-de-marc\/","title":{"rendered":"La 2a edici\u00f3 de la Fira d\u2019Orientaci\u00f3 Educativa de Badalona s\u2019instal\u00b7lar\u00e0 a la pla\u00e7a del President Tarradellas del 12 al 13 de mar\u00e7"},"content":{"rendered":"\n<p>La pla\u00e7a del President Tarradellas ser\u00e0 escenari el dijous 12 i el divendres 13 de mar\u00e7 de la segona edici\u00f3 de la Fira d\u2019Orientaci\u00f3 Educativa de Badalona. Enguany amb el lema \u201cConstruint el teu futur\u201d, es tracta de la reedici\u00f3 d\u2019una iniciativa impulsada des de l\u2019Ajuntament de Badalona dedicada a l&#8217;orientaci\u00f3 acad\u00e8mica i professional per a joves i fam\u00edlies, d\u2019acompanyament en la recerca d\u2019un itinerari formatiu i de professionalitzaci\u00f3 despr\u00e9s de l\u2019educaci\u00f3 secund\u00e0ria obligat\u00f2ria.<\/p>\n\n\n\n<p>La Fira d\u2019Orientaci\u00f3 Educativa de Badalona inclou la participaci\u00f3 d\u2019empreses, centres educatius de batxillerat i formaci\u00f3 professional, universitats, centres de formaci\u00f3, serveis d\u2019ocupaci\u00f3, fundacions i gremis que oferiran una atenci\u00f3 personalitzada. Durant dos dies, els estudiants i les seves fam\u00edlies tindran al seu abast activitats, tallers i presentacions que els permetran explorar l\u2019oferta educativa postobligat\u00f2ria i rebre orientaci\u00f3 sobre les diferents opcions de formaci\u00f3 i d\u2019acc\u00e9s al mercat laboral.<\/p>\n\n\n\n<p>A la fira hi haur\u00e0 70 estands amb informaci\u00f3 sobre estudis universitaris, formaci\u00f3 professional i sortides laborals. Els assistents podran entrar en contacte amb serveis orientatius d\u2019educaci\u00f3; centres de formatius p\u00fablics i privats; gremis professionals; cossos policials com ara la Gu\u00e0rdia Urbana de Badalona i els Mossos d\u2019Esquadra, les Forces Armades; aix\u00ed com empreses de diversos sectors. A m\u00e9s de les diferents carpes informatives, a la pla\u00e7a del President Tarradellas s\u2019habilitar\u00e0 una zona de xerrades, un escenari i una zona de descans.<\/p>\n\n\n\n<p>Els assistents, a m\u00e9s de l\u2019oferta dels estands, trobaran a l\u2019Espai Principal i a l\u2019Espai Xerrades una \u00e0mplia varietat d\u2019activitats on con\u00e8ixer diferents ofertes formatives i con\u00e8ixer diverses sortides professionals.<\/p>\n\n\n\n<p>Com a preludi de la Fira d\u2019Orientaci\u00f3 Educativa, el Badiu Jove, Servei Juvenil de Badalona, presenta tres tallers que tindran lloc a la seva seu, al carrer d\u2019Ausi\u00e0s Marc, 61;<\/p>\n\n\n\n<ul class=\"wp-block-list\">\n<li>Dilluns 9 de mar\u00e7, de 18 a 19 hores, taller \u00abPren la decisi\u00f3: tria els teus estudis\u00bb.<\/li>\n\n\n\n<li>Dimarts 10 de mar\u00e7, 17 a 18.30 hores, taller \u00abTroba el teu cam\u00ed\u00bb (Alumnes d&#8217;ESO).<\/li>\n\n\n\n<li>Dimecres 11 de mar\u00e7, de 16.30 a 18 hores, taller \u00abTroba el teu cam\u00ed\u00bb (Alumnes de batxillerat).<\/li>\n<\/ul>\n\n\n\n<p>La segona edici\u00f3 de la Fira d\u2019Orientaci\u00f3 Educativa de Badalona tindr\u00e0 el seg\u00fcent horari:<\/p>\n\n\n\n<ul class=\"wp-block-list\">\n<li>Dijous 12 i divendres 13 de mar\u00e7 de 9.30 a 13.30 hores i de 16 a 18 hores.<\/li>\n<\/ul>\n\n\n\n<p>Trobareu tota la informaci\u00f3 detallada de l\u2019esdeveniment a <a href=\"https:\/\/firaorientaciobadalona.cat\/\">firaorientaciobadalona.cat.<\/a><\/p>\n\n\n\n<p>La primera tinenta d\u2019alcaldia, Cristina Ag\u00fcera, ha destacat que \u201caquesta segona edici\u00f3 de la Fira d\u2019Orientaci\u00f3 Educativa de Badalona consolida l\u2019aposta de l\u2019Ajuntament per aquest esdeveniment amb un augment molt notable de l\u2019oferta als joves, passant de 50 a 70 estands, ampliant les empreses col\u00b7laboradores i amb molts m\u00e9s tallers i xerrades\u201d. Cristina Ag\u00fcera ha afegit que \u201ca m\u00e9s de ser una oportunitat per als estudiants d\u2019encaminar el seu futur educatiu i laboral, la Fira tamb\u00e9 \u00e9s una magn\u00edfica oportunitat per enfortir els vincles i les relacions entre els centres formatius i les empreses, per connectar el m\u00f3n acad\u00e8mic i el m\u00f3n laboral\u201d.<\/p>\n","protected":false},"excerpt":{"rendered":"<p>La pla\u00e7a del President Tarradellas ser\u00e0 escenari el dijous 12 i el divendres 13 de mar\u00e7 de la segona edici\u00f3 de la Fira d\u2019Orientaci\u00f3 Educativa de Badalona. Enguany amb el lema \u201cConstruint el teu futur\u201d, es tracta de la reedici\u00f3 d\u2019una iniciativa impulsada des de l\u2019Ajuntament de Badalona dedicada a l&#8217;orientaci\u00f3 acad\u00e8mica i professional per [&hellip;]<\/p>\n","protected":false},"author":2,"featured_media":10229,"comment_status":"closed","ping_status":"open","sticky":false,"template":"","format":"standard","meta":{"footnotes":""},"categories":[23],"tags":[],"class_list":{"0":"post-10228","1":"post","2":"type-post","3":"status-publish","4":"format-standard","5":"has-post-thumbnail","7":"category-actualitat"},"_links":{"self":[{"href":"https:\/\/areabadalona.com\/diario\/wp-json\/wp\/v2\/posts\/10228","targetHints":{"allow":["GET"]}}],"collection":[{"href":"https:\/\/areabadalona.com\/diario\/wp-json\/wp\/v2\/posts"}],"about":[{"href":"https:\/\/areabadalona.com\/diario\/wp-json\/wp\/v2\/types\/post"}],"author":[{"embeddable":true,"href":"https:\/\/areabadalona.com\/diario\/wp-json\/wp\/v2\/users\/2"}],"replies":[{"embeddable":true,"href":"https:\/\/areabadalona.com\/diario\/wp-json\/wp\/v2\/comments?post=10228"}],"version-history":[{"count":1,"href":"https:\/\/areabadalona.com\/diario\/wp-json\/wp\/v2\/posts\/10228\/revisions"}],"predecessor-version":[{"id":10230,"href":"https:\/\/areabadalona.com\/diario\/wp-json\/wp\/v2\/posts\/10228\/revisions\/10230"}],"wp:featuredmedia":[{"embeddable":true,"href":"https:\/\/areabadalona.com\/diario\/wp-json\/wp\/v2\/media\/10229"}],"wp:attachment":[{"href":"https:\/\/areabadalona.com\/diario\/wp-json\/wp\/v2\/media?parent=10228"}],"wp:term":[{"taxonomy":"category","embeddable":true,"href":"https:\/\/areabadalona.com\/diario\/wp-json\/wp\/v2\/categories?post=10228"},{"taxonomy":"post_tag","embeddable":true,"href":"https:\/\/areabadalona.com\/diario\/wp-json\/wp\/v2\/tags?post=10228"}],"curies":[{"name":"wp","href":"https:\/\/api.w.org\/{rel}","templated":true}]}}