{"id":10223,"date":"2026-03-04T09:50:18","date_gmt":"2026-03-04T09:50:18","guid":{"rendered":"https:\/\/areabadalona.com\/diario\/?p=10223"},"modified":"2026-03-04T09:50:19","modified_gmt":"2026-03-04T09:50:19","slug":"el-passeig-de-la-rambla-acull-la-4a-edicio-de-la-fira-de-ciencia-al-carrer-amb-mirada-steam","status":"publish","type":"post","link":"https:\/\/areabadalona.com\/diario\/2026\/03\/04\/el-passeig-de-la-rambla-acull-la-4a-edicio-de-la-fira-de-ciencia-al-carrer-amb-mirada-steam\/","title":{"rendered":"El passeig de la Rambla acull la 4a edici\u00f3 de la Fira de Ci\u00e8ncia al carrer amb mirada STEAM"},"content":{"rendered":"\n<p>El passeig de la Rambla (al costat de l\u2019Escola del Mar) acull aquest dimecres 4 de mar\u00e7, de 9.45 a 13.15 hores, la <strong>4a Fira de Ci\u00e8ncia al carrer d&#8217;ESO amb mirada STEAM<\/strong>, amb la participaci\u00f3 de 355 alumnes procedents de 9 instituts i de 6 centres de prim\u00e0ria.<\/p>\n\n\n\n<p>STEAM \u00e9s un acr\u00f2nim provinent de l\u2019angl\u00e8s que fa refer\u00e8ncia a la Ci\u00e8ncia (S), la Tecnologia (T), l&#8217;Enginyeria (E), l&#8217;Art (A) i les Matem\u00e0tiques (M). Des de la pedagogia STEAM es vincula el treball d&#8217;aquestes disciplines amb un enfocament global i transversal a l&#8217;entorn de situacions i problemes contextualitzats per cercar solucions creatives i cr\u00edtiques.<\/p>\n\n\n\n<p>En aquesta nova edici\u00f3 de la 4a Fira de Ci\u00e8ncia participen 135 noies i nois dels centres de secund\u00e0ria Barres i Ones; Enric Borr\u00e0s, Eugeni D&#8217;Ors; Garb\u00ed Pere Verg\u00e9s; La Pineda; La Riera; Llibertat, Maregassa i Maria Ward. Els estudiants presentaran els seus projectes de recerca, les seves investigacions i els resultats de les seves experi\u00e8ncies vinculades, des d&#8217;una perspectiva t\u00e8cnica i cient\u00edfica, el coneixement del medi natural, el canvi clim\u00e0tic, els animals, les plantes, l\u2019alimentaci\u00f3, la ciutat, la terra o l\u2019univers.<\/p>\n\n\n\n<p>La Fira compta amb la col\u00b7laboraci\u00f3, amb diferents tallers i activitats, de BDN Lab; l\u2019Escola de Natura Angeleta Ferrer; l\u2019Escola del Mar &#8211; Centre d&#8217;Estudis Marins; l\u2019Institut de Recerca contra la Leuc\u00e8mia Josep Carreras; l\u2019Institut de Recerca Germans Trias i Pujol (IGTP); el Grupo Menarini; Mentories 4.0 i el CRP de Badalona del Departament d&#8217;Educaci\u00f3 i Formaci\u00f3 Professional de la Generalitat de Catalunya.<\/p>\n\n\n\n<p>Est\u00e0 previst que visitin la fira els alumnes de 5\u00e8 de Prim\u00e0ria d\u2019aquests centres educatius: Garb\u00ed Pere Verg\u00e9s, Gitanjali, \u00cdtaca, Llibertat, Merc\u00e8 Rodoreda i Miguel Hern\u00e1ndez.<\/p>\n\n\n\n<p>Els instituts i les entitats estaran instal\u00b7lades en 6 estacions\/projectes i hi haur\u00e0 6 itineraris. Cada grup de Prim\u00e0ria anir\u00e0 rotant fins que hagin passat per totes les estacions i hagin acabat el recorregut.<\/p>\n\n\n\n<p>La 4a Fira de Ci\u00e8ncia al carrer d&#8217;ESO amb mirada STEAM est\u00e0 organitzada pel CRP del Departament d\u2019Educaci\u00f3 i Formaci\u00f3 Professional de la Generalitat de Catalunya; per l\u2019Escola de Natura Angeleta Ferrer i l\u2019Escola del Mar &#8211; Centre d\u2019Estudis Marins, de l\u2019\u00c0rea de Medi Ambient i Sostenibilitat; i pel Servei d\u2019Educaci\u00f3 de l\u2019Ajuntament de Badalona.<\/p>\n","protected":false},"excerpt":{"rendered":"<p>El passeig de la Rambla (al costat de l\u2019Escola del Mar) acull aquest dimecres 4 de mar\u00e7, de 9.45 a 13.15 hores, la 4a Fira de Ci\u00e8ncia al carrer d&#8217;ESO amb mirada STEAM, amb la participaci\u00f3 de 355 alumnes procedents de 9 instituts i de 6 centres de prim\u00e0ria. STEAM \u00e9s un acr\u00f2nim provinent de [&hellip;]<\/p>\n","protected":false},"author":2,"featured_media":10224,"comment_status":"closed","ping_status":"open","sticky":false,"template":"","format":"standard","meta":{"footnotes":""},"categories":[23],"tags":[],"class_list":{"0":"post-10223","1":"post","2":"type-post","3":"status-publish","4":"format-standard","5":"has-post-thumbnail","7":"category-actualitat"},"_links":{"self":[{"href":"https:\/\/areabadalona.com\/diario\/wp-json\/wp\/v2\/posts\/10223","targetHints":{"allow":["GET"]}}],"collection":[{"href":"https:\/\/areabadalona.com\/diario\/wp-json\/wp\/v2\/posts"}],"about":[{"href":"https:\/\/areabadalona.com\/diario\/wp-json\/wp\/v2\/types\/post"}],"author":[{"embeddable":true,"href":"https:\/\/areabadalona.com\/diario\/wp-json\/wp\/v2\/users\/2"}],"replies":[{"embeddable":true,"href":"https:\/\/areabadalona.com\/diario\/wp-json\/wp\/v2\/comments?post=10223"}],"version-history":[{"count":1,"href":"https:\/\/areabadalona.com\/diario\/wp-json\/wp\/v2\/posts\/10223\/revisions"}],"predecessor-version":[{"id":10225,"href":"https:\/\/areabadalona.com\/diario\/wp-json\/wp\/v2\/posts\/10223\/revisions\/10225"}],"wp:featuredmedia":[{"embeddable":true,"href":"https:\/\/areabadalona.com\/diario\/wp-json\/wp\/v2\/media\/10224"}],"wp:attachment":[{"href":"https:\/\/areabadalona.com\/diario\/wp-json\/wp\/v2\/media?parent=10223"}],"wp:term":[{"taxonomy":"category","embeddable":true,"href":"https:\/\/areabadalona.com\/diario\/wp-json\/wp\/v2\/categories?post=10223"},{"taxonomy":"post_tag","embeddable":true,"href":"https:\/\/areabadalona.com\/diario\/wp-json\/wp\/v2\/tags?post=10223"}],"curies":[{"name":"wp","href":"https:\/\/api.w.org\/{rel}","templated":true}]}}